{"id":882,"date":"2020-07-12T19:56:02","date_gmt":"2020-07-12T17:56:02","guid":{"rendered":"http:\/\/www.wundertexte.de\/?p=882"},"modified":"2020-07-12T19:56:06","modified_gmt":"2020-07-12T17:56:06","slug":"relegation-fc-ingolstadt","status":"publish","type":"post","link":"https:\/\/www.wundertexte.de\/wundertexte-startseite\/relegation-fc-ingolstadt\/","title":{"rendered":"Relegation &#8211; FC Ingolstadt"},"content":{"rendered":"\n<p>Leise rauschen die Bl\u00e4tter im sanften Wind. Ein paar V\u00f6gel zwitschern, ein Hase hoppelt gem\u00e4chlich auf dem Feldweg entlang. Keine Menschenseele ist unterwegs. Kornfelder, sanfte H\u00fcgel, Wald, der Zwieselhof, links taucht in einiger Entfernung der Fernsehturm auf. Rechts geht die Sonne in einem spektakul\u00e4ren Wolkenhimmel unter. Ich bin immer wieder gerne hier. Viele Jahre habe ich in Gro\u00dfweismannsdorf gelebt. Die Natur, die Gegend hinter dem Sportplatz, wo ich einst jeden Tag gelaufen bin, es f\u00fchlt sich noch vertraut an.<\/p>\n\n\n\n<p>Pl\u00f6tzlich unterbrechen laute Jubelschreie das Idyll. Ich bleibe stehen. Verharre. F\u00fcr einen winzigen Augenblick steht die Welt still. Ich kann nicht denken. Dann greife ich doch zu meinem Handy und \u00f6ffne die Kicker-App. Es steht immer noch 3:0 f\u00fcr Ingolstadt. Im Millisekundentakt wische ich mit dem Finger \u00fcber das Display. Aktualisieren. Aktualisieren. Aktualisieren. Hatte ich Halluzinationen? Habe ich etwas geh\u00f6rt, das ich unbedingt h\u00f6ren wollte? Dann lesen es meine Augen. Es dringt nicht sofort ins Gehirn vor. Da steht jetzt eine 1. Ich starre ungl\u00e4ubig auf das Display, bis mir der Ticker anzeigt, dass das Spiel vorbei ist. Immer noch steht da 3:1. Der Club ist nicht abgestiegen, steht da auch.<\/p>\n\n\n\n<p>Nach weiteren Minuten des Wartens (\u201eIst es wirklich aus?\u201c), merke ich, wie meine Beine zu zittern beginnen und mir Tr\u00e4nen \u00fcbers Gesicht laufen. Es ist, wie wenn man nach einer stundenlangen schweren Operation eines nahen Angeh\u00f6rigen oder Freundes die Nachricht erh\u00e4lt, dass alles gutgegangen ist. Dass der Patient lebt und es ihm \u201eden Umst\u00e4nden entsprechend gutgeht.\u201c Die Erleichterung ist unbeschreiblich. Gleichzeitig bin ich auch w\u00fctend. Und \u00fcbergl\u00fccklich.<\/p>\n\n\n\n<p>Der erste Anruf.<\/p>\n\n\n\n<p>\u201eWo bist du?\u201c<\/p>\n\n\n\n<p>\u201eIm Wald, bin gleich zur\u00fcck im Sportheim.\u201c<\/p>\n\n\n\n<p>Von dort war ich n\u00e4mlich nach dem 2:0 gefl\u00fcchtet. Einfach kopflos und ohne nachzudenken bin ich losgelaufen in den Wald. Ich habe es einfach nicht mehr aushalten k\u00f6nnen, meine Nerven haben nicht mehr mitgespielt. Ich musste einfach raus und laufen.<\/p>\n\n\n\n<p>Erste Nachrichten erreichen mich.<\/p>\n\n\n\n<p>Von Marathonmann und Eishockey-Fan Bernd als allerersten. Er ist mit dem Rad auf Deutschland-Tour. \u201eAlles ist gut&#8230;Puls runterfahren!\u201c, schreibt er mir.<\/p>\n\n\n\n<p>Metal- und Hertha-Fan Thies: \u201eGl\u00fcckwunsch an den Club, das ist ja der Wahnsinn!!!\u201c<\/p>\n\n\n\n<p>\u201eHeute mindestens zehn Schn\u00e4pse!\u201c, r\u00e4t mir meine Kollegin aus F\u00fcrth, die mit Fu\u00dfball nichts am Hut hat, aber wei\u00df, wie mein Herz am Glubb h\u00e4ngt und dass ich beim 6:0-Erfolg gegen Wiesbaden f\u00fcr jedes Tor einen Schnaps trinken musste.<\/p>\n\n\n\n<p>Meine Chefin, eingefleischte Kleeblatt-Anh\u00e4ngerin, freut sich \u201eAuf das n\u00e4chste Derby!\u201c<\/p>\n\n\n\n<p>Der Fahrlehrer aus Zabo fragt dezent nach: \u201eTot oder besoffen? Oder beides? Nix f\u00fcr schwache Nerven!\u201c<\/p>\n\n\n\n<p>Mein alter Schulfreund Gerhard, der vor vielen Jahre nach Chile ausgewandert ist, hatte mir um 19.42 Uhr diese Zeilen geschickt: \u201eNehmers Abschied sachd die Leingnfraa, mir wolln den Deggl schlie\u00dfn.\u201c A d\u00fcbbischer Frangge hald. Aber er hat genauso gefiebert mit der ganzen Familie und befindet schlie\u00dflich: \u201ekompletter Wahnsinn.\u201c<\/p>\n\n\n\n<p>Mannheim vermeldet: \u201eAlter. Dem Tod von der Schippe gesprungen. Fu\u00dfball ist das Geilste.\u201c<\/p>\n\n\n\n<p>Und aus Stuttgart hatte man mir schon vorher immer wieder gesagt: \u201eGlauba muaschd.\u201c Jaa!<\/p>\n\n\n\n<p>In D\u00fcsseldorf hat man uns ebenfalls die Daumen gedr\u00fcckt \u2013 auch die armen Fortunen sind ja leidgeplagt. Unsere Chat-Gruppe m\u00fcssen wir jedenfalls umbenennen. Aus \u201eWiedervereinigung 1. Liga 2020\u201c wurde bekanntlich leider nichts. Wir probieren es mit \u201eAufstieg 2021\u201c &#8211; 2018 hat das schlie\u00dflich schon mal prima geklappt.<\/p>\n\n\n\n<p>Ja, Fu\u00dfball verbindet, das hat sich in diesem Augenblick mal wieder eindr\u00fccklich gezeigt. Und zwar \u00fcber Vereinsfarben hinweg und das ist wirklich gro\u00dfartig. 10000 Dank an alle, die an mich gedacht und mitgezittert haben!<\/p>\n\n\n\n<p>Fehlen noch meine Eltern. Als ich meine Mutter anrufe, zehn Minuten nach Spielende, ist sie h\u00f6rbar angeschlagen. \u201eClaudia, ich bin fix und fertig\u201c, sagt sie und klingt ersch\u00f6pft. Aber auch gl\u00fccklich. Und mein lieber Dad? \u201eIch hab die Nachricht an meine ganzen Glubb-Freunde in der 90. Minute schon vorbereitet gehabt\u201c, raunt er ins Telefon. Er muss es gar nicht aussprechen, ich wei\u00df schon vorher, wie der Inhalt gelautet h\u00e4tte. \u201eDer Glubb is hald a mol wieder a Debb.\u201c Gut, dass er sie nicht abschicken musste. Er sottert und schimpft nat\u00fcrlich trotzdem noch (\u201eDer Abstieg w\u00e4re nicht unverdient gewesen. Wie kann man sich innerhalb von 15 Minuten drei Tore einschenken lassen..\u201c). Aber dann schickt er mir doch voller Stolz ein Video vom erl\u00f6senden Schleusener-Treffer, weil den die Tochter ja nicht gesehen hat.<\/p>\n\n\n\n<p>Eines hat sich mal wieder eindr\u00fccklich gezeigt: Wenn ein Fu\u00dfball-Fan sagt, er habe schon alles erlebt, dann kann er kein Glubb-Fan sein.<\/p>\n\n\n\n<p>Diese Saison hat alles getoppt, was ich bisher mit diesem Verein, dem Ruhmreichen, erlebt habe. Die Achterbahn, die auch nur ann\u00e4hernd meine Gef\u00fchlslagen nachzeichnen k\u00f6nnte, muss erst noch erfunden und gebaut werden.<\/p>\n\n\n\n<p>Auch wenn wir mit einem tiefdunkelblauen Auge davon gekommen sind, und wir uns jetzt auch zurecht freuen d\u00fcrfen dar\u00fcber, muss trotzdem eines klar sein: So kann es definitiv nicht weitergehen. Es liegt viel Arbeit vor den Verantwortlichen des FCN.<\/p>\n","protected":false},"excerpt":{"rendered":"<p>Leise rauschen die Bl\u00e4tter im sanften Wind. Ein paar V\u00f6gel zwitschern, ein Hase hoppelt gem\u00e4chlich auf dem Feldweg entlang. Keine Menschenseele ist unterwegs. Kornfelder, sanfte H\u00fcgel, Wald, der Zwieselhof, links taucht in einiger Entfernung der Fernsehturm auf. Rechts geht die Sonne in einem spektakul\u00e4ren Wolkenhimmel unter. Ich bin immer wieder gerne hier. Viele Jahre habe [&hellip;]<\/p>\n","protected":false},"author":1,"featured_media":881,"comment_status":"closed","ping_status":"open","sticky":false,"template":"","format":"standard","meta":{"footnotes":""},"categories":[3],"tags":[12,42,177],"class_list":["post-882","post","type-post","status-publish","format-standard","has-post-thumbnail","hentry","category-wundertexte-uebern-glubb","tag-glubb","tag-ingolstadt","tag-relegation"],"yoast_head":"<!-- This site is optimized with the Yoast SEO plugin v22.7 - https:\/\/yoast.com\/wordpress\/plugins\/seo\/ -->\n<title>Relegation - FC Ingolstadt - Wundertexte<\/title>\n<meta name=\"description\" content=\"Wunder macht Texte: Wundertexte\" \/>\n<meta name=\"robots\" content=\"index, follow, max-snippet:-1, max-image-preview:large, max-video-preview:-1\" \/>\n<link rel=\"canonical\" href=\"https:\/\/www.wundertexte.de\/wundertexte-startseite\/relegation-fc-ingolstadt\/\" \/>\n<meta property=\"og:locale\" content=\"de_DE\" \/>\n<meta property=\"og:type\" content=\"article\" \/>\n<meta property=\"og:title\" content=\"Relegation - FC Ingolstadt - Wundertexte\" \/>\n<meta property=\"og:description\" content=\"Wunder macht Texte: Wundertexte\" \/>\n<meta property=\"og:url\" content=\"https:\/\/www.wundertexte.de\/wundertexte-startseite\/relegation-fc-ingolstadt\/\" \/>\n<meta property=\"og:site_name\" content=\"Wundertexte\" \/>\n<meta property=\"article:publisher\" content=\"https:\/\/www.facebook.com\/ClaudiaWundertexte\" \/>\n<meta property=\"article:published_time\" content=\"2020-07-12T17:56:02+00:00\" \/>\n<meta property=\"article:modified_time\" content=\"2020-07-12T17:56:06+00:00\" \/>\n<meta property=\"og:image\" content=\"https:\/\/www.wundertexte.de\/wp-content\/uploads\/2020\/07\/107043367_3436696103063025_1032851237990920972_n.jpg\" \/>\n\t<meta property=\"og:image:width\" content=\"769\" \/>\n\t<meta property=\"og:image:height\" content=\"766\" \/>\n\t<meta property=\"og:image:type\" content=\"image\/jpeg\" \/>\n<meta name=\"author\" content=\"Claudia\" \/>\n<meta name=\"twitter:card\" content=\"summary_large_image\" \/>\n<meta name=\"twitter:label1\" content=\"Verfasst von\" \/>\n\t<meta name=\"twitter:data1\" content=\"Claudia\" \/>\n\t<meta name=\"twitter:label2\" content=\"Gesch\u00e4tzte Lesezeit\" \/>\n\t<meta name=\"twitter:data2\" content=\"4\u00a0Minuten\" \/>\n<script type=\"application\/ld+json\" class=\"yoast-schema-graph\">{\"@context\":\"https:\/\/schema.org\",\"@graph\":[{\"@type\":\"Article\",\"@id\":\"https:\/\/www.wundertexte.de\/wundertexte-startseite\/relegation-fc-ingolstadt\/#article\",\"isPartOf\":{\"@id\":\"https:\/\/www.wundertexte.de\/wundertexte-startseite\/relegation-fc-ingolstadt\/\"},\"author\":{\"name\":\"Claudia\",\"@id\":\"https:\/\/www.wundertexte.de\/wundertexte-startseite\/#\/schema\/person\/24790517072ae8f62bc5c2edbdfddc98\"},\"headline\":\"Relegation &#8211; FC Ingolstadt\",\"datePublished\":\"2020-07-12T17:56:02+00:00\",\"dateModified\":\"2020-07-12T17:56:06+00:00\",\"mainEntityOfPage\":{\"@id\":\"https:\/\/www.wundertexte.de\/wundertexte-startseite\/relegation-fc-ingolstadt\/\"},\"wordCount\":843,\"publisher\":{\"@id\":\"https:\/\/www.wundertexte.de\/wundertexte-startseite\/#organization\"},\"image\":{\"@id\":\"https:\/\/www.wundertexte.de\/wundertexte-startseite\/relegation-fc-ingolstadt\/#primaryimage\"},\"thumbnailUrl\":\"https:\/\/www.wundertexte.de\/wp-content\/uploads\/2020\/07\/107043367_3436696103063025_1032851237990920972_n.jpg\",\"keywords\":[\"Glubb\",\"Ingolstadt\",\"Relegation\"],\"articleSection\":[\"Wundertexte \u00fcbern Glubb\"],\"inLanguage\":\"de\"},{\"@type\":\"WebPage\",\"@id\":\"https:\/\/www.wundertexte.de\/wundertexte-startseite\/relegation-fc-ingolstadt\/\",\"url\":\"https:\/\/www.wundertexte.de\/wundertexte-startseite\/relegation-fc-ingolstadt\/\",\"name\":\"Relegation - FC Ingolstadt - Wundertexte\",\"isPartOf\":{\"@id\":\"https:\/\/www.wundertexte.de\/wundertexte-startseite\/#website\"},\"primaryImageOfPage\":{\"@id\":\"https:\/\/www.wundertexte.de\/wundertexte-startseite\/relegation-fc-ingolstadt\/#primaryimage\"},\"image\":{\"@id\":\"https:\/\/www.wundertexte.de\/wundertexte-startseite\/relegation-fc-ingolstadt\/#primaryimage\"},\"thumbnailUrl\":\"https:\/\/www.wundertexte.de\/wp-content\/uploads\/2020\/07\/107043367_3436696103063025_1032851237990920972_n.jpg\",\"datePublished\":\"2020-07-12T17:56:02+00:00\",\"dateModified\":\"2020-07-12T17:56:06+00:00\",\"description\":\"Wunder macht Texte: Wundertexte\",\"breadcrumb\":{\"@id\":\"https:\/\/www.wundertexte.de\/wundertexte-startseite\/relegation-fc-ingolstadt\/#breadcrumb\"},\"inLanguage\":\"de\",\"potentialAction\":[{\"@type\":\"ReadAction\",\"target\":[\"https:\/\/www.wundertexte.de\/wundertexte-startseite\/relegation-fc-ingolstadt\/\"]}]},{\"@type\":\"ImageObject\",\"inLanguage\":\"de\",\"@id\":\"https:\/\/www.wundertexte.de\/wundertexte-startseite\/relegation-fc-ingolstadt\/#primaryimage\",\"url\":\"https:\/\/www.wundertexte.de\/wp-content\/uploads\/2020\/07\/107043367_3436696103063025_1032851237990920972_n.jpg\",\"contentUrl\":\"https:\/\/www.wundertexte.de\/wp-content\/uploads\/2020\/07\/107043367_3436696103063025_1032851237990920972_n.jpg\",\"width\":769,\"height\":766},{\"@type\":\"BreadcrumbList\",\"@id\":\"https:\/\/www.wundertexte.de\/wundertexte-startseite\/relegation-fc-ingolstadt\/#breadcrumb\",\"itemListElement\":[{\"@type\":\"ListItem\",\"position\":1,\"name\":\"Startseite\",\"item\":\"https:\/\/www.wundertexte.de\/wundertexte-startseite\/\"},{\"@type\":\"ListItem\",\"position\":2,\"name\":\"Relegation &#8211; FC Ingolstadt\"}]},{\"@type\":\"WebSite\",\"@id\":\"https:\/\/www.wundertexte.de\/wundertexte-startseite\/#website\",\"url\":\"https:\/\/www.wundertexte.de\/wundertexte-startseite\/\",\"name\":\"Wundertexte\",\"description\":\"Wunder macht Texte\",\"publisher\":{\"@id\":\"https:\/\/www.wundertexte.de\/wundertexte-startseite\/#organization\"},\"potentialAction\":[{\"@type\":\"SearchAction\",\"target\":{\"@type\":\"EntryPoint\",\"urlTemplate\":\"https:\/\/www.wundertexte.de\/wundertexte-startseite\/?s={search_term_string}\"},\"query-input\":\"required name=search_term_string\"}],\"inLanguage\":\"de\"},{\"@type\":\"Organization\",\"@id\":\"https:\/\/www.wundertexte.de\/wundertexte-startseite\/#organization\",\"name\":\"Wundertexte\",\"url\":\"https:\/\/www.wundertexte.de\/wundertexte-startseite\/\",\"logo\":{\"@type\":\"ImageObject\",\"inLanguage\":\"de\",\"@id\":\"https:\/\/www.wundertexte.de\/wundertexte-startseite\/#\/schema\/logo\/image\/\",\"url\":\"https:\/\/www.wundertexte.de\/wp-content\/uploads\/2021\/11\/LOGO_wundertexte_RGB_400x400px.jpg\",\"contentUrl\":\"https:\/\/www.wundertexte.de\/wp-content\/uploads\/2021\/11\/LOGO_wundertexte_RGB_400x400px.jpg\",\"width\":1668,\"height\":1667,\"caption\":\"Wundertexte\"},\"image\":{\"@id\":\"https:\/\/www.wundertexte.de\/wundertexte-startseite\/#\/schema\/logo\/image\/\"},\"sameAs\":[\"https:\/\/www.facebook.com\/ClaudiaWundertexte\",\"https:\/\/www.instagram.com\/_wundertexte_\"]},{\"@type\":\"Person\",\"@id\":\"https:\/\/www.wundertexte.de\/wundertexte-startseite\/#\/schema\/person\/24790517072ae8f62bc5c2edbdfddc98\",\"name\":\"Claudia\",\"image\":{\"@type\":\"ImageObject\",\"inLanguage\":\"de\",\"@id\":\"https:\/\/www.wundertexte.de\/wundertexte-startseite\/#\/schema\/person\/image\/\",\"url\":\"https:\/\/secure.gravatar.com\/avatar\/b911361c85b3a270c4ac78b5ed4fac75eed9edb9af9afa1fa8c4a6c44cfb34e9?s=96&d=mm&r=g\",\"contentUrl\":\"https:\/\/secure.gravatar.com\/avatar\/b911361c85b3a270c4ac78b5ed4fac75eed9edb9af9afa1fa8c4a6c44cfb34e9?s=96&d=mm&r=g\",\"caption\":\"Claudia\"},\"description\":\"Waschechte N\u00fcrnbergerin, Clubberin, L\u00e4uferin, Journalistin - und musikverr\u00fcckt. 1972 geboren haben sie musikalisch die sagenumwobenen 80er Jahre gepr\u00e4gt mit Bands wie Metallica, Mot\u00f6rhead, Iron Maiden, Judas Priest oder Slayer. Ge\u00e4ndert hat sich der Musikgeschmack seitdem nicht mehr nennenswert, Hardcore und Metalcore kamen hinzu, eben alles was schnell, laut und hart ist. Motto: Ein Leben ohne den Club und Musik k\u00f6nnte m\u00f6glich sein - w\u00e4re aber sinnlos!\",\"sameAs\":[\"http:\/\/www.wundertexte.de\"]}]}<\/script>\n<!-- \/ Yoast SEO plugin. -->","yoast_head_json":{"title":"Relegation - FC Ingolstadt - Wundertexte","description":"Wunder macht Texte: Wundertexte","robots":{"index":"index","follow":"follow","max-snippet":"max-snippet:-1","max-image-preview":"max-image-preview:large","max-video-preview":"max-video-preview:-1"},"canonical":"https:\/\/www.wundertexte.de\/wundertexte-startseite\/relegation-fc-ingolstadt\/","og_locale":"de_DE","og_type":"article","og_title":"Relegation - FC Ingolstadt - Wundertexte","og_description":"Wunder macht Texte: Wundertexte","og_url":"https:\/\/www.wundertexte.de\/wundertexte-startseite\/relegation-fc-ingolstadt\/","og_site_name":"Wundertexte","article_publisher":"https:\/\/www.facebook.com\/ClaudiaWundertexte","article_published_time":"2020-07-12T17:56:02+00:00","article_modified_time":"2020-07-12T17:56:06+00:00","og_image":[{"width":769,"height":766,"url":"https:\/\/www.wundertexte.de\/wp-content\/uploads\/2020\/07\/107043367_3436696103063025_1032851237990920972_n.jpg","type":"image\/jpeg"}],"author":"Claudia","twitter_card":"summary_large_image","twitter_misc":{"Verfasst von":"Claudia","Gesch\u00e4tzte Lesezeit":"4\u00a0Minuten"},"schema":{"@context":"https:\/\/schema.org","@graph":[{"@type":"Article","@id":"https:\/\/www.wundertexte.de\/wundertexte-startseite\/relegation-fc-ingolstadt\/#article","isPartOf":{"@id":"https:\/\/www.wundertexte.de\/wundertexte-startseite\/relegation-fc-ingolstadt\/"},"author":{"name":"Claudia","@id":"https:\/\/www.wundertexte.de\/wundertexte-startseite\/#\/schema\/person\/24790517072ae8f62bc5c2edbdfddc98"},"headline":"Relegation &#8211; FC Ingolstadt","datePublished":"2020-07-12T17:56:02+00:00","dateModified":"2020-07-12T17:56:06+00:00","mainEntityOfPage":{"@id":"https:\/\/www.wundertexte.de\/wundertexte-startseite\/relegation-fc-ingolstadt\/"},"wordCount":843,"publisher":{"@id":"https:\/\/www.wundertexte.de\/wundertexte-startseite\/#organization"},"image":{"@id":"https:\/\/www.wundertexte.de\/wundertexte-startseite\/relegation-fc-ingolstadt\/#primaryimage"},"thumbnailUrl":"https:\/\/www.wundertexte.de\/wp-content\/uploads\/2020\/07\/107043367_3436696103063025_1032851237990920972_n.jpg","keywords":["Glubb","Ingolstadt","Relegation"],"articleSection":["Wundertexte \u00fcbern Glubb"],"inLanguage":"de"},{"@type":"WebPage","@id":"https:\/\/www.wundertexte.de\/wundertexte-startseite\/relegation-fc-ingolstadt\/","url":"https:\/\/www.wundertexte.de\/wundertexte-startseite\/relegation-fc-ingolstadt\/","name":"Relegation - FC Ingolstadt - Wundertexte","isPartOf":{"@id":"https:\/\/www.wundertexte.de\/wundertexte-startseite\/#website"},"primaryImageOfPage":{"@id":"https:\/\/www.wundertexte.de\/wundertexte-startseite\/relegation-fc-ingolstadt\/#primaryimage"},"image":{"@id":"https:\/\/www.wundertexte.de\/wundertexte-startseite\/relegation-fc-ingolstadt\/#primaryimage"},"thumbnailUrl":"https:\/\/www.wundertexte.de\/wp-content\/uploads\/2020\/07\/107043367_3436696103063025_1032851237990920972_n.jpg","datePublished":"2020-07-12T17:56:02+00:00","dateModified":"2020-07-12T17:56:06+00:00","description":"Wunder macht Texte: Wundertexte","breadcrumb":{"@id":"https:\/\/www.wundertexte.de\/wundertexte-startseite\/relegation-fc-ingolstadt\/#breadcrumb"},"inLanguage":"de","potentialAction":[{"@type":"ReadAction","target":["https:\/\/www.wundertexte.de\/wundertexte-startseite\/relegation-fc-ingolstadt\/"]}]},{"@type":"ImageObject","inLanguage":"de","@id":"https:\/\/www.wundertexte.de\/wundertexte-startseite\/relegation-fc-ingolstadt\/#primaryimage","url":"https:\/\/www.wundertexte.de\/wp-content\/uploads\/2020\/07\/107043367_3436696103063025_1032851237990920972_n.jpg","contentUrl":"https:\/\/www.wundertexte.de\/wp-content\/uploads\/2020\/07\/107043367_3436696103063025_1032851237990920972_n.jpg","width":769,"height":766},{"@type":"BreadcrumbList","@id":"https:\/\/www.wundertexte.de\/wundertexte-startseite\/relegation-fc-ingolstadt\/#breadcrumb","itemListElement":[{"@type":"ListItem","position":1,"name":"Startseite","item":"https:\/\/www.wundertexte.de\/wundertexte-startseite\/"},{"@type":"ListItem","position":2,"name":"Relegation &#8211; FC Ingolstadt"}]},{"@type":"WebSite","@id":"https:\/\/www.wundertexte.de\/wundertexte-startseite\/#website","url":"https:\/\/www.wundertexte.de\/wundertexte-startseite\/","name":"Wundertexte","description":"Wunder macht Texte","publisher":{"@id":"https:\/\/www.wundertexte.de\/wundertexte-startseite\/#organization"},"potentialAction":[{"@type":"SearchAction","target":{"@type":"EntryPoint","urlTemplate":"https:\/\/www.wundertexte.de\/wundertexte-startseite\/?s={search_term_string}"},"query-input":"required name=search_term_string"}],"inLanguage":"de"},{"@type":"Organization","@id":"https:\/\/www.wundertexte.de\/wundertexte-startseite\/#organization","name":"Wundertexte","url":"https:\/\/www.wundertexte.de\/wundertexte-startseite\/","logo":{"@type":"ImageObject","inLanguage":"de","@id":"https:\/\/www.wundertexte.de\/wundertexte-startseite\/#\/schema\/logo\/image\/","url":"https:\/\/www.wundertexte.de\/wp-content\/uploads\/2021\/11\/LOGO_wundertexte_RGB_400x400px.jpg","contentUrl":"https:\/\/www.wundertexte.de\/wp-content\/uploads\/2021\/11\/LOGO_wundertexte_RGB_400x400px.jpg","width":1668,"height":1667,"caption":"Wundertexte"},"image":{"@id":"https:\/\/www.wundertexte.de\/wundertexte-startseite\/#\/schema\/logo\/image\/"},"sameAs":["https:\/\/www.facebook.com\/ClaudiaWundertexte","https:\/\/www.instagram.com\/_wundertexte_"]},{"@type":"Person","@id":"https:\/\/www.wundertexte.de\/wundertexte-startseite\/#\/schema\/person\/24790517072ae8f62bc5c2edbdfddc98","name":"Claudia","image":{"@type":"ImageObject","inLanguage":"de","@id":"https:\/\/www.wundertexte.de\/wundertexte-startseite\/#\/schema\/person\/image\/","url":"https:\/\/secure.gravatar.com\/avatar\/b911361c85b3a270c4ac78b5ed4fac75eed9edb9af9afa1fa8c4a6c44cfb34e9?s=96&d=mm&r=g","contentUrl":"https:\/\/secure.gravatar.com\/avatar\/b911361c85b3a270c4ac78b5ed4fac75eed9edb9af9afa1fa8c4a6c44cfb34e9?s=96&d=mm&r=g","caption":"Claudia"},"description":"Waschechte N\u00fcrnbergerin, Clubberin, L\u00e4uferin, Journalistin - und musikverr\u00fcckt. 1972 geboren haben sie musikalisch die sagenumwobenen 80er Jahre gepr\u00e4gt mit Bands wie Metallica, Mot\u00f6rhead, Iron Maiden, Judas Priest oder Slayer. Ge\u00e4ndert hat sich der Musikgeschmack seitdem nicht mehr nennenswert, Hardcore und Metalcore kamen hinzu, eben alles was schnell, laut und hart ist. Motto: Ein Leben ohne den Club und Musik k\u00f6nnte m\u00f6glich sein - w\u00e4re aber sinnlos!","sameAs":["http:\/\/www.wundertexte.de"]}]}},"_links":{"self":[{"href":"https:\/\/www.wundertexte.de\/wundertexte-startseite\/wp-json\/wp\/v2\/posts\/882","targetHints":{"allow":["GET"]}}],"collection":[{"href":"https:\/\/www.wundertexte.de\/wundertexte-startseite\/wp-json\/wp\/v2\/posts"}],"about":[{"href":"https:\/\/www.wundertexte.de\/wundertexte-startseite\/wp-json\/wp\/v2\/types\/post"}],"author":[{"embeddable":true,"href":"https:\/\/www.wundertexte.de\/wundertexte-startseite\/wp-json\/wp\/v2\/users\/1"}],"replies":[{"embeddable":true,"href":"https:\/\/www.wundertexte.de\/wundertexte-startseite\/wp-json\/wp\/v2\/comments?post=882"}],"version-history":[{"count":1,"href":"https:\/\/www.wundertexte.de\/wundertexte-startseite\/wp-json\/wp\/v2\/posts\/882\/revisions"}],"predecessor-version":[{"id":883,"href":"https:\/\/www.wundertexte.de\/wundertexte-startseite\/wp-json\/wp\/v2\/posts\/882\/revisions\/883"}],"wp:featuredmedia":[{"embeddable":true,"href":"https:\/\/www.wundertexte.de\/wundertexte-startseite\/wp-json\/wp\/v2\/media\/881"}],"wp:attachment":[{"href":"https:\/\/www.wundertexte.de\/wundertexte-startseite\/wp-json\/wp\/v2\/media?parent=882"}],"wp:term":[{"taxonomy":"category","embeddable":true,"href":"https:\/\/www.wundertexte.de\/wundertexte-startseite\/wp-json\/wp\/v2\/categories?post=882"},{"taxonomy":"post_tag","embeddable":true,"href":"https:\/\/www.wundertexte.de\/wundertexte-startseite\/wp-json\/wp\/v2\/tags?post=882"}],"curies":[{"name":"wp","href":"https:\/\/api.w.org\/{rel}","templated":true}]}}