{"id":773,"date":"2020-02-18T12:40:45","date_gmt":"2020-02-18T11:40:45","guid":{"rendered":"http:\/\/www.wundertexte.de\/?p=773"},"modified":"2020-02-18T12:41:46","modified_gmt":"2020-02-18T11:41:46","slug":"spieltag-22-fc-heidenheim","status":"publish","type":"post","link":"https:\/\/www.wundertexte.de\/wundertexte-startseite\/spieltag-22-fc-heidenheim\/","title":{"rendered":"Spieltag 22 | FC Heidenheim"},"content":{"rendered":"\n<p><strong>Spieltag 22 im Kurz\u00fcberblick:<\/strong><\/p>\n\n\n\n<p><strong>Gegner:<\/strong> <em>FC Heidenheim<\/em><\/p>\n\n\n\n<p><strong>Ergebnis:<\/strong> <em>2:2<\/em><\/p>\n\n\n\n<p><strong>Gef\u00fchlslage nach dem Match:<\/strong> <em>froh mit einer Spur Entt\u00e4uschung<\/em><\/p>\n\n\n\n<p><strong>Der Song zum Spiel: <\/strong><em>Zeig mir den Platz an der Sonne (Udo J\u00fcrgens)<\/em><\/p>\n\n\n\n<p>Zugegeben: Mit zwei Siegen im Gep\u00e4ck f\u00e4hrt es sich schon gleich etwas entspannter und fr\u00f6hlicher zum n\u00e4chsten Ausw\u00e4rtsspiel. Auch wenn wir als Ziel eingeben mussten: Heidenheim. An der Brenz. Im Geiste sehe ich da immer meinen lieben Kollegen und Freund Thomas vor mir. Wie er mit den Augen rollte und sich unglaublich echauffierte, als wir das erste Mal nach Heidenheim fahren mussten. Nach Heidenheim. An der Brenz. Einem Ort im Nirgendwo der ostw\u00fcrttembergischen Provinz. Als Gegner des Ruhmreichen&#8230; Nein, in seinen Kopf wollte \u2013 und will \u2013 das nicht reingehen. Immerhin haben wir diesmal sogar die Brenz gefunden, nachdem wir uns durch den Ort gequ\u00e4lt hatten. <\/p>\n\n\n\n<p>Durchsucht wird man in\nHeidenheim ja allerdings, als ob man ein Champions League Spiel besucht. Alle\nJacken- und Hosentaschen ausleeren, Sachen auf den Tisch legen und die Geldbeutel\n\u00f6ffnen, ob Aufkleber drin sind. Zumindest in der Frauentoilette ist die\nEffektivit\u00e4t dieser Durchsuchungen sch\u00f6n zu sehen: In den Spiegel kann man vor\nlauter Aufklebern nicht gucken. <\/p>\n\n\n\n<p>Sei&#8217;s drum, alles Nebens\u00e4chlichkeiten. Es geht ja um unsern Glubb. Ich hatte im Vorfeld ein schlechtes Gef\u00fchl. Was freilich bekannterma\u00dfen nichts hei\u00dft. Ich nehm&#8217;s mittlerweile wie&#8217;s kommt &#8211; entweder werde ich positiv \u00fcberrascht oder hatte halt Recht. <\/p>\n\n\n\n<p>Und was soll ich sagen? Unser Glubb ist immer f\u00fcr \u00dcberraschungen gut. Was war das f\u00fcr ein Blitzstart! Ein Einsnull in der ersten Minute, ich kann mich nicht erinnern, ob ich das schon jemals beim Club erlebt habe. Dass die Stimmung gleichmal explodierte, muss ich nicht extra erw\u00e4hnen. Ich konnte es kaum glauben, aber solche Augenblicke muss man genie\u00dfen! Das konnte ich auch ausf\u00fchrlich indem ich mich auf\u2019s Klatschen, Schreien und Singen konzentriert habe \u2013 denn vom Spiel selbst kann ich nicht viel berichten. Au\u00dfer Fahnen habe ich nicht viel gesehen. Aber so ist das eben, wenn man im Block steht und es war ein grandioses Gef\u00fchl, Teil des Ganzen zu sein, die Mannschaft voran zu treiben und zu pushen. Ern\u00fcchternd war dann der Ausgleich in der letzten Nachspielminute der ersten Halbzeit freilich schon. Und als auch in der zweiten Halbzeit sp\u00e4t der Ausgleichstreffer f\u00fcr den FCH fiel, war ich f\u00fcr einige Augenblicke echt entt\u00e4uscht. Vor der Partie h\u00e4tte ich mich mit einem Unentschieden beim Tabellenvierten zufriedengegeben. Allerdings muss man auch sagen: Es gab Zeiten, da h\u00e4tten wir das Match noch vollends verloren. &nbsp;<\/p>\n\n\n\n<figure class=\"wp-block-image size-large\"><img loading=\"lazy\" decoding=\"async\" width=\"1024\" height=\"907\" src=\"http:\/\/www.wundertexte.de\/wp-content\/uploads\/2020\/02\/Heidenheim2-scaled-e1582025973871-1024x907.jpg\" alt=\"\" class=\"wp-image-772\" srcset=\"https:\/\/www.wundertexte.de\/wp-content\/uploads\/2020\/02\/Heidenheim2-scaled-e1582025973871-1024x907.jpg 1024w, https:\/\/www.wundertexte.de\/wp-content\/uploads\/2020\/02\/Heidenheim2-scaled-e1582025973871-300x266.jpg 300w, https:\/\/www.wundertexte.de\/wp-content\/uploads\/2020\/02\/Heidenheim2-scaled-e1582025973871-768x680.jpg 768w, https:\/\/www.wundertexte.de\/wp-content\/uploads\/2020\/02\/Heidenheim2-scaled-e1582025973871-1536x1360.jpg 1536w, https:\/\/www.wundertexte.de\/wp-content\/uploads\/2020\/02\/Heidenheim2-scaled-e1582025973871.jpg 1958w\" sizes=\"auto, (max-width: 1024px) 100vw, 1024px\" \/><\/figure>\n\n\n\n<p>Wenn \u00fcbrigens jemand\nZweifel an Hanno Behrens hatte oder hat, dem kann ich nur sagen: Ich kann mir\nkeinen besseren Kapit\u00e4n vorstellen. Er war es, der den Clubarzt holte, als ein\nFan nach dem Spiel vom Zaun gest\u00fcrzt war. Und er war es auch, der den rot-schwarzen\nFlitzer beruhigte, der auf&#8217;s Spielfeld gerannt war. Unter gro\u00dfem Gel\u00e4chter und\nAnfeuerung der Anh\u00e4ngerschaft. Als die Ordner recht hart eingriffen, war wieder\nHanno zur Stelle, beruhigte die Beteiligten und geleitete den Fan zur\u00fcck zur\nGegengerade. <\/p>\n\n\n\n<p>Jetzt hei\u00dft es am kommenden Sonntag zuhause gegen Darmstadt: nachlegen! Die aufsteigende Form und die gute Stimmung ausnutzen, um in der Tabelle Schritt f\u00fcr Schritt weiter nach oben zu klettern. Nein, ich komme jetzt nicht mit dem Thema Aufstieg daher \u2013 dazu sind Hamburg, Stuttgart und die Stadt, die es gar nicht gibt, schon zu sehr davongeeilt. Mein Ziel f\u00fcr diese Saison: ein Platz an der Sonne &#8211; vor dem Kleeblatt. \ud83d\ude09 <\/p>\n","protected":false},"excerpt":{"rendered":"<p>Spieltag 22 im Kurz\u00fcberblick: Gegner: FC Heidenheim Ergebnis: 2:2 Gef\u00fchlslage nach dem Match: froh mit einer Spur Entt\u00e4uschung Der Song zum Spiel: Zeig mir den Platz an der Sonne (Udo J\u00fcrgens) Zugegeben: Mit zwei Siegen im Gep\u00e4ck f\u00e4hrt es sich schon gleich etwas entspannter und fr\u00f6hlicher zum n\u00e4chsten Ausw\u00e4rtsspiel. Auch wenn wir als Ziel eingeben [&hellip;]<\/p>\n","protected":false},"author":1,"featured_media":213,"comment_status":"open","ping_status":"open","sticky":false,"template":"","format":"standard","meta":{"footnotes":""},"categories":[3],"tags":[12,40],"class_list":["post-773","post","type-post","status-publish","format-standard","has-post-thumbnail","hentry","category-wundertexte-uebern-glubb","tag-glubb","tag-heidenheim"],"yoast_head":"<!-- This site is optimized with the Yoast SEO plugin v22.7 - https:\/\/yoast.com\/wordpress\/plugins\/seo\/ -->\n<title>Spieltag 22 | FC Heidenheim - Wundertexte<\/title>\n<meta name=\"description\" content=\"Wunder macht Texte: Wundertexte\" \/>\n<meta name=\"robots\" content=\"index, follow, max-snippet:-1, max-image-preview:large, max-video-preview:-1\" \/>\n<link rel=\"canonical\" href=\"https:\/\/www.wundertexte.de\/wundertexte-startseite\/spieltag-22-fc-heidenheim\/\" \/>\n<meta property=\"og:locale\" content=\"de_DE\" \/>\n<meta property=\"og:type\" content=\"article\" \/>\n<meta property=\"og:title\" content=\"Spieltag 22 | FC Heidenheim - Wundertexte\" \/>\n<meta property=\"og:description\" content=\"Wunder macht Texte: Wundertexte\" \/>\n<meta property=\"og:url\" content=\"https:\/\/www.wundertexte.de\/wundertexte-startseite\/spieltag-22-fc-heidenheim\/\" \/>\n<meta property=\"og:site_name\" content=\"Wundertexte\" \/>\n<meta property=\"article:publisher\" content=\"https:\/\/www.facebook.com\/ClaudiaWundertexte\" \/>\n<meta property=\"article:published_time\" content=\"2020-02-18T11:40:45+00:00\" \/>\n<meta property=\"article:modified_time\" content=\"2020-02-18T11:41:46+00:00\" \/>\n<meta property=\"og:image\" content=\"https:\/\/www.wundertexte.de\/wp-content\/uploads\/2018\/03\/Wundertexte_logorot-schwarz-1024x640.jpg\" \/>\n\t<meta property=\"og:image:width\" content=\"1024\" \/>\n\t<meta property=\"og:image:height\" content=\"640\" \/>\n\t<meta property=\"og:image:type\" content=\"image\/jpeg\" \/>\n<meta name=\"author\" content=\"Claudia\" \/>\n<meta name=\"twitter:card\" content=\"summary_large_image\" \/>\n<meta name=\"twitter:label1\" content=\"Verfasst von\" \/>\n\t<meta name=\"twitter:data1\" content=\"Claudia\" \/>\n\t<meta name=\"twitter:label2\" content=\"Gesch\u00e4tzte Lesezeit\" \/>\n\t<meta name=\"twitter:data2\" content=\"3\u00a0Minuten\" \/>\n<script type=\"application\/ld+json\" class=\"yoast-schema-graph\">{\"@context\":\"https:\/\/schema.org\",\"@graph\":[{\"@type\":\"Article\",\"@id\":\"https:\/\/www.wundertexte.de\/wundertexte-startseite\/spieltag-22-fc-heidenheim\/#article\",\"isPartOf\":{\"@id\":\"https:\/\/www.wundertexte.de\/wundertexte-startseite\/spieltag-22-fc-heidenheim\/\"},\"author\":{\"name\":\"Claudia\",\"@id\":\"https:\/\/www.wundertexte.de\/wundertexte-startseite\/#\/schema\/person\/24790517072ae8f62bc5c2edbdfddc98\"},\"headline\":\"Spieltag 22 | FC Heidenheim\",\"datePublished\":\"2020-02-18T11:40:45+00:00\",\"dateModified\":\"2020-02-18T11:41:46+00:00\",\"mainEntityOfPage\":{\"@id\":\"https:\/\/www.wundertexte.de\/wundertexte-startseite\/spieltag-22-fc-heidenheim\/\"},\"wordCount\":605,\"commentCount\":0,\"publisher\":{\"@id\":\"https:\/\/www.wundertexte.de\/wundertexte-startseite\/#organization\"},\"image\":{\"@id\":\"https:\/\/www.wundertexte.de\/wundertexte-startseite\/spieltag-22-fc-heidenheim\/#primaryimage\"},\"thumbnailUrl\":\"https:\/\/www.wundertexte.de\/wp-content\/uploads\/2018\/03\/Wundertexte_logorot-schwarz.jpg\",\"keywords\":[\"Glubb\",\"Heidenheim\"],\"articleSection\":[\"Wundertexte \u00fcbern Glubb\"],\"inLanguage\":\"de\",\"potentialAction\":[{\"@type\":\"CommentAction\",\"name\":\"Comment\",\"target\":[\"https:\/\/www.wundertexte.de\/wundertexte-startseite\/spieltag-22-fc-heidenheim\/#respond\"]}]},{\"@type\":\"WebPage\",\"@id\":\"https:\/\/www.wundertexte.de\/wundertexte-startseite\/spieltag-22-fc-heidenheim\/\",\"url\":\"https:\/\/www.wundertexte.de\/wundertexte-startseite\/spieltag-22-fc-heidenheim\/\",\"name\":\"Spieltag 22 | FC Heidenheim - Wundertexte\",\"isPartOf\":{\"@id\":\"https:\/\/www.wundertexte.de\/wundertexte-startseite\/#website\"},\"primaryImageOfPage\":{\"@id\":\"https:\/\/www.wundertexte.de\/wundertexte-startseite\/spieltag-22-fc-heidenheim\/#primaryimage\"},\"image\":{\"@id\":\"https:\/\/www.wundertexte.de\/wundertexte-startseite\/spieltag-22-fc-heidenheim\/#primaryimage\"},\"thumbnailUrl\":\"https:\/\/www.wundertexte.de\/wp-content\/uploads\/2018\/03\/Wundertexte_logorot-schwarz.jpg\",\"datePublished\":\"2020-02-18T11:40:45+00:00\",\"dateModified\":\"2020-02-18T11:41:46+00:00\",\"description\":\"Wunder macht Texte: Wundertexte\",\"breadcrumb\":{\"@id\":\"https:\/\/www.wundertexte.de\/wundertexte-startseite\/spieltag-22-fc-heidenheim\/#breadcrumb\"},\"inLanguage\":\"de\",\"potentialAction\":[{\"@type\":\"ReadAction\",\"target\":[\"https:\/\/www.wundertexte.de\/wundertexte-startseite\/spieltag-22-fc-heidenheim\/\"]}]},{\"@type\":\"ImageObject\",\"inLanguage\":\"de\",\"@id\":\"https:\/\/www.wundertexte.de\/wundertexte-startseite\/spieltag-22-fc-heidenheim\/#primaryimage\",\"url\":\"https:\/\/www.wundertexte.de\/wp-content\/uploads\/2018\/03\/Wundertexte_logorot-schwarz.jpg\",\"contentUrl\":\"https:\/\/www.wundertexte.de\/wp-content\/uploads\/2018\/03\/Wundertexte_logorot-schwarz.jpg\",\"width\":6000,\"height\":3750,\"caption\":\"Wundertexte \u00fcbern Glubb\"},{\"@type\":\"BreadcrumbList\",\"@id\":\"https:\/\/www.wundertexte.de\/wundertexte-startseite\/spieltag-22-fc-heidenheim\/#breadcrumb\",\"itemListElement\":[{\"@type\":\"ListItem\",\"position\":1,\"name\":\"Startseite\",\"item\":\"https:\/\/www.wundertexte.de\/wundertexte-startseite\/\"},{\"@type\":\"ListItem\",\"position\":2,\"name\":\"Spieltag 22 | FC Heidenheim\"}]},{\"@type\":\"WebSite\",\"@id\":\"https:\/\/www.wundertexte.de\/wundertexte-startseite\/#website\",\"url\":\"https:\/\/www.wundertexte.de\/wundertexte-startseite\/\",\"name\":\"Wundertexte\",\"description\":\"Wunder macht Texte\",\"publisher\":{\"@id\":\"https:\/\/www.wundertexte.de\/wundertexte-startseite\/#organization\"},\"potentialAction\":[{\"@type\":\"SearchAction\",\"target\":{\"@type\":\"EntryPoint\",\"urlTemplate\":\"https:\/\/www.wundertexte.de\/wundertexte-startseite\/?s={search_term_string}\"},\"query-input\":\"required name=search_term_string\"}],\"inLanguage\":\"de\"},{\"@type\":\"Organization\",\"@id\":\"https:\/\/www.wundertexte.de\/wundertexte-startseite\/#organization\",\"name\":\"Wundertexte\",\"url\":\"https:\/\/www.wundertexte.de\/wundertexte-startseite\/\",\"logo\":{\"@type\":\"ImageObject\",\"inLanguage\":\"de\",\"@id\":\"https:\/\/www.wundertexte.de\/wundertexte-startseite\/#\/schema\/logo\/image\/\",\"url\":\"https:\/\/www.wundertexte.de\/wp-content\/uploads\/2021\/11\/LOGO_wundertexte_RGB_400x400px.jpg\",\"contentUrl\":\"https:\/\/www.wundertexte.de\/wp-content\/uploads\/2021\/11\/LOGO_wundertexte_RGB_400x400px.jpg\",\"width\":1668,\"height\":1667,\"caption\":\"Wundertexte\"},\"image\":{\"@id\":\"https:\/\/www.wundertexte.de\/wundertexte-startseite\/#\/schema\/logo\/image\/\"},\"sameAs\":[\"https:\/\/www.facebook.com\/ClaudiaWundertexte\",\"https:\/\/www.instagram.com\/_wundertexte_\"]},{\"@type\":\"Person\",\"@id\":\"https:\/\/www.wundertexte.de\/wundertexte-startseite\/#\/schema\/person\/24790517072ae8f62bc5c2edbdfddc98\",\"name\":\"Claudia\",\"image\":{\"@type\":\"ImageObject\",\"inLanguage\":\"de\",\"@id\":\"https:\/\/www.wundertexte.de\/wundertexte-startseite\/#\/schema\/person\/image\/\",\"url\":\"https:\/\/secure.gravatar.com\/avatar\/b911361c85b3a270c4ac78b5ed4fac75eed9edb9af9afa1fa8c4a6c44cfb34e9?s=96&d=mm&r=g\",\"contentUrl\":\"https:\/\/secure.gravatar.com\/avatar\/b911361c85b3a270c4ac78b5ed4fac75eed9edb9af9afa1fa8c4a6c44cfb34e9?s=96&d=mm&r=g\",\"caption\":\"Claudia\"},\"description\":\"Waschechte N\u00fcrnbergerin, Clubberin, L\u00e4uferin, Journalistin - und musikverr\u00fcckt. 1972 geboren haben sie musikalisch die sagenumwobenen 80er Jahre gepr\u00e4gt mit Bands wie Metallica, Mot\u00f6rhead, Iron Maiden, Judas Priest oder Slayer. Ge\u00e4ndert hat sich der Musikgeschmack seitdem nicht mehr nennenswert, Hardcore und Metalcore kamen hinzu, eben alles was schnell, laut und hart ist. Motto: Ein Leben ohne den Club und Musik k\u00f6nnte m\u00f6glich sein - w\u00e4re aber sinnlos!\",\"sameAs\":[\"http:\/\/www.wundertexte.de\"]}]}<\/script>\n<!-- \/ Yoast SEO plugin. -->","yoast_head_json":{"title":"Spieltag 22 | FC Heidenheim - Wundertexte","description":"Wunder macht Texte: Wundertexte","robots":{"index":"index","follow":"follow","max-snippet":"max-snippet:-1","max-image-preview":"max-image-preview:large","max-video-preview":"max-video-preview:-1"},"canonical":"https:\/\/www.wundertexte.de\/wundertexte-startseite\/spieltag-22-fc-heidenheim\/","og_locale":"de_DE","og_type":"article","og_title":"Spieltag 22 | FC Heidenheim - Wundertexte","og_description":"Wunder macht Texte: Wundertexte","og_url":"https:\/\/www.wundertexte.de\/wundertexte-startseite\/spieltag-22-fc-heidenheim\/","og_site_name":"Wundertexte","article_publisher":"https:\/\/www.facebook.com\/ClaudiaWundertexte","article_published_time":"2020-02-18T11:40:45+00:00","article_modified_time":"2020-02-18T11:41:46+00:00","og_image":[{"width":1024,"height":640,"url":"https:\/\/www.wundertexte.de\/wp-content\/uploads\/2018\/03\/Wundertexte_logorot-schwarz-1024x640.jpg","type":"image\/jpeg"}],"author":"Claudia","twitter_card":"summary_large_image","twitter_misc":{"Verfasst von":"Claudia","Gesch\u00e4tzte Lesezeit":"3\u00a0Minuten"},"schema":{"@context":"https:\/\/schema.org","@graph":[{"@type":"Article","@id":"https:\/\/www.wundertexte.de\/wundertexte-startseite\/spieltag-22-fc-heidenheim\/#article","isPartOf":{"@id":"https:\/\/www.wundertexte.de\/wundertexte-startseite\/spieltag-22-fc-heidenheim\/"},"author":{"name":"Claudia","@id":"https:\/\/www.wundertexte.de\/wundertexte-startseite\/#\/schema\/person\/24790517072ae8f62bc5c2edbdfddc98"},"headline":"Spieltag 22 | FC Heidenheim","datePublished":"2020-02-18T11:40:45+00:00","dateModified":"2020-02-18T11:41:46+00:00","mainEntityOfPage":{"@id":"https:\/\/www.wundertexte.de\/wundertexte-startseite\/spieltag-22-fc-heidenheim\/"},"wordCount":605,"commentCount":0,"publisher":{"@id":"https:\/\/www.wundertexte.de\/wundertexte-startseite\/#organization"},"image":{"@id":"https:\/\/www.wundertexte.de\/wundertexte-startseite\/spieltag-22-fc-heidenheim\/#primaryimage"},"thumbnailUrl":"https:\/\/www.wundertexte.de\/wp-content\/uploads\/2018\/03\/Wundertexte_logorot-schwarz.jpg","keywords":["Glubb","Heidenheim"],"articleSection":["Wundertexte \u00fcbern Glubb"],"inLanguage":"de","potentialAction":[{"@type":"CommentAction","name":"Comment","target":["https:\/\/www.wundertexte.de\/wundertexte-startseite\/spieltag-22-fc-heidenheim\/#respond"]}]},{"@type":"WebPage","@id":"https:\/\/www.wundertexte.de\/wundertexte-startseite\/spieltag-22-fc-heidenheim\/","url":"https:\/\/www.wundertexte.de\/wundertexte-startseite\/spieltag-22-fc-heidenheim\/","name":"Spieltag 22 | FC Heidenheim - Wundertexte","isPartOf":{"@id":"https:\/\/www.wundertexte.de\/wundertexte-startseite\/#website"},"primaryImageOfPage":{"@id":"https:\/\/www.wundertexte.de\/wundertexte-startseite\/spieltag-22-fc-heidenheim\/#primaryimage"},"image":{"@id":"https:\/\/www.wundertexte.de\/wundertexte-startseite\/spieltag-22-fc-heidenheim\/#primaryimage"},"thumbnailUrl":"https:\/\/www.wundertexte.de\/wp-content\/uploads\/2018\/03\/Wundertexte_logorot-schwarz.jpg","datePublished":"2020-02-18T11:40:45+00:00","dateModified":"2020-02-18T11:41:46+00:00","description":"Wunder macht Texte: Wundertexte","breadcrumb":{"@id":"https:\/\/www.wundertexte.de\/wundertexte-startseite\/spieltag-22-fc-heidenheim\/#breadcrumb"},"inLanguage":"de","potentialAction":[{"@type":"ReadAction","target":["https:\/\/www.wundertexte.de\/wundertexte-startseite\/spieltag-22-fc-heidenheim\/"]}]},{"@type":"ImageObject","inLanguage":"de","@id":"https:\/\/www.wundertexte.de\/wundertexte-startseite\/spieltag-22-fc-heidenheim\/#primaryimage","url":"https:\/\/www.wundertexte.de\/wp-content\/uploads\/2018\/03\/Wundertexte_logorot-schwarz.jpg","contentUrl":"https:\/\/www.wundertexte.de\/wp-content\/uploads\/2018\/03\/Wundertexte_logorot-schwarz.jpg","width":6000,"height":3750,"caption":"Wundertexte \u00fcbern Glubb"},{"@type":"BreadcrumbList","@id":"https:\/\/www.wundertexte.de\/wundertexte-startseite\/spieltag-22-fc-heidenheim\/#breadcrumb","itemListElement":[{"@type":"ListItem","position":1,"name":"Startseite","item":"https:\/\/www.wundertexte.de\/wundertexte-startseite\/"},{"@type":"ListItem","position":2,"name":"Spieltag 22 | FC Heidenheim"}]},{"@type":"WebSite","@id":"https:\/\/www.wundertexte.de\/wundertexte-startseite\/#website","url":"https:\/\/www.wundertexte.de\/wundertexte-startseite\/","name":"Wundertexte","description":"Wunder macht Texte","publisher":{"@id":"https:\/\/www.wundertexte.de\/wundertexte-startseite\/#organization"},"potentialAction":[{"@type":"SearchAction","target":{"@type":"EntryPoint","urlTemplate":"https:\/\/www.wundertexte.de\/wundertexte-startseite\/?s={search_term_string}"},"query-input":"required name=search_term_string"}],"inLanguage":"de"},{"@type":"Organization","@id":"https:\/\/www.wundertexte.de\/wundertexte-startseite\/#organization","name":"Wundertexte","url":"https:\/\/www.wundertexte.de\/wundertexte-startseite\/","logo":{"@type":"ImageObject","inLanguage":"de","@id":"https:\/\/www.wundertexte.de\/wundertexte-startseite\/#\/schema\/logo\/image\/","url":"https:\/\/www.wundertexte.de\/wp-content\/uploads\/2021\/11\/LOGO_wundertexte_RGB_400x400px.jpg","contentUrl":"https:\/\/www.wundertexte.de\/wp-content\/uploads\/2021\/11\/LOGO_wundertexte_RGB_400x400px.jpg","width":1668,"height":1667,"caption":"Wundertexte"},"image":{"@id":"https:\/\/www.wundertexte.de\/wundertexte-startseite\/#\/schema\/logo\/image\/"},"sameAs":["https:\/\/www.facebook.com\/ClaudiaWundertexte","https:\/\/www.instagram.com\/_wundertexte_"]},{"@type":"Person","@id":"https:\/\/www.wundertexte.de\/wundertexte-startseite\/#\/schema\/person\/24790517072ae8f62bc5c2edbdfddc98","name":"Claudia","image":{"@type":"ImageObject","inLanguage":"de","@id":"https:\/\/www.wundertexte.de\/wundertexte-startseite\/#\/schema\/person\/image\/","url":"https:\/\/secure.gravatar.com\/avatar\/b911361c85b3a270c4ac78b5ed4fac75eed9edb9af9afa1fa8c4a6c44cfb34e9?s=96&d=mm&r=g","contentUrl":"https:\/\/secure.gravatar.com\/avatar\/b911361c85b3a270c4ac78b5ed4fac75eed9edb9af9afa1fa8c4a6c44cfb34e9?s=96&d=mm&r=g","caption":"Claudia"},"description":"Waschechte N\u00fcrnbergerin, Clubberin, L\u00e4uferin, Journalistin - und musikverr\u00fcckt. 1972 geboren haben sie musikalisch die sagenumwobenen 80er Jahre gepr\u00e4gt mit Bands wie Metallica, Mot\u00f6rhead, Iron Maiden, Judas Priest oder Slayer. Ge\u00e4ndert hat sich der Musikgeschmack seitdem nicht mehr nennenswert, Hardcore und Metalcore kamen hinzu, eben alles was schnell, laut und hart ist. Motto: Ein Leben ohne den Club und Musik k\u00f6nnte m\u00f6glich sein - w\u00e4re aber sinnlos!","sameAs":["http:\/\/www.wundertexte.de"]}]}},"_links":{"self":[{"href":"https:\/\/www.wundertexte.de\/wundertexte-startseite\/wp-json\/wp\/v2\/posts\/773","targetHints":{"allow":["GET"]}}],"collection":[{"href":"https:\/\/www.wundertexte.de\/wundertexte-startseite\/wp-json\/wp\/v2\/posts"}],"about":[{"href":"https:\/\/www.wundertexte.de\/wundertexte-startseite\/wp-json\/wp\/v2\/types\/post"}],"author":[{"embeddable":true,"href":"https:\/\/www.wundertexte.de\/wundertexte-startseite\/wp-json\/wp\/v2\/users\/1"}],"replies":[{"embeddable":true,"href":"https:\/\/www.wundertexte.de\/wundertexte-startseite\/wp-json\/wp\/v2\/comments?post=773"}],"version-history":[{"count":2,"href":"https:\/\/www.wundertexte.de\/wundertexte-startseite\/wp-json\/wp\/v2\/posts\/773\/revisions"}],"predecessor-version":[{"id":775,"href":"https:\/\/www.wundertexte.de\/wundertexte-startseite\/wp-json\/wp\/v2\/posts\/773\/revisions\/775"}],"wp:featuredmedia":[{"embeddable":true,"href":"https:\/\/www.wundertexte.de\/wundertexte-startseite\/wp-json\/wp\/v2\/media\/213"}],"wp:attachment":[{"href":"https:\/\/www.wundertexte.de\/wundertexte-startseite\/wp-json\/wp\/v2\/media?parent=773"}],"wp:term":[{"taxonomy":"category","embeddable":true,"href":"https:\/\/www.wundertexte.de\/wundertexte-startseite\/wp-json\/wp\/v2\/categories?post=773"},{"taxonomy":"post_tag","embeddable":true,"href":"https:\/\/www.wundertexte.de\/wundertexte-startseite\/wp-json\/wp\/v2\/tags?post=773"}],"curies":[{"name":"wp","href":"https:\/\/api.w.org\/{rel}","templated":true}]}}