{"id":345,"date":"2018-09-02T13:44:12","date_gmt":"2018-09-02T11:44:12","guid":{"rendered":"http:\/\/www.wundertexte.de\/?p=345"},"modified":"2018-09-02T13:44:12","modified_gmt":"2018-09-02T11:44:12","slug":"herzrasen-das-pokalaus-als-gutes-omen","status":"publish","type":"post","link":"https:\/\/www.wundertexte.de\/wundertexte-startseite\/herzrasen-das-pokalaus-als-gutes-omen\/","title":{"rendered":"Herzrasen &#8211; Das Pokalaus als gutes Omen"},"content":{"rendered":"<audio class=\"wp-audio-shortcode\" id=\"audio-345-1\" preload=\"none\" style=\"width: 100%;\" controls=\"controls\"><source type=\"audio\/mpeg\" src=\"http:\/\/www.wundertexte.de\/wp-content\/uploads\/2018\/09\/Herzrasen-Ella-020918.mp3?_=1\" \/><a href=\"http:\/\/www.wundertexte.de\/wp-content\/uploads\/2018\/09\/Herzrasen-Ella-020918.mp3\">http:\/\/www.wundertexte.de\/wp-content\/uploads\/2018\/09\/Herzrasen-Ella-020918.mp3<\/a><\/audio>\n<p>Das Kleeblatt gr\u00fc\u00dft als tempor\u00e4rer Tabellenf\u00fchrer und Ella ist mit dem Saisonstart mehr als zufrieden. Das Ausscheiden aus dem Pokal wertet sie sogar als gutes Omen: 2012 kegelte ebenfalls Dortmund die Spielvereinigung aus dem Wettbewerb &#8211; und am Saisonende stieg die Mannschaft in die erste Bundesliga auf. Na, mal sehen, ob Geschichte sich wiederholt, liebe Ella?<\/p>\n<p>Daniel Keita-Ruell, der Mann mit der, nun ja, sagen wir mal, etwas &#8222;anderen&#8220; Vergangenheit, ist bei den Kleeblattfans in k\u00fcrzester Zeit zum Liebling geworden und Ella traut ihm sogar die Torsch\u00fctzenk\u00f6nig-Krone zu. Wer diese wohl beim Glubb tragen wird?<\/p>\n<p><img loading=\"lazy\" decoding=\"async\" class=\"alignnone size-medium wp-image-309\" src=\"http:\/\/www.wundertexte.de\/wp-content\/uploads\/2018\/08\/170523_hjw_herzrasen41_klein-300x200.jpg\" alt=\"\" width=\"300\" height=\"200\" \/><\/p>\n","protected":false},"excerpt":{"rendered":"<p>Das Kleeblatt gr\u00fc\u00dft als tempor\u00e4rer Tabellenf\u00fchrer und Ella ist mit dem Saisonstart mehr als zufrieden. Das Ausscheiden aus dem Pokal wertet sie sogar als gutes Omen: 2012 kegelte ebenfalls Dortmund die Spielvereinigung aus dem Wettbewerb &#8211; und am Saisonende stieg die Mannschaft in die erste Bundesliga auf. Na, mal sehen, ob Geschichte sich wiederholt, liebe [&hellip;]<\/p>\n","protected":false},"author":1,"featured_media":0,"comment_status":"open","ping_status":"open","sticky":false,"template":"","format":"audio","meta":{"footnotes":""},"categories":[3],"tags":[14,20,28],"class_list":["post-345","post","type-post","status-publish","format-audio","hentry","category-wundertexte-uebern-glubb","tag-herzrasen","tag-ella","tag-kleeblatt","post_format-post-format-audio"],"yoast_head":"<!-- This site is optimized with the Yoast SEO plugin v22.7 - https:\/\/yoast.com\/wordpress\/plugins\/seo\/ -->\n<title>Herzrasen - Das Pokalaus als gutes Omen - Wundertexte<\/title>\n<meta name=\"description\" content=\"Wunder macht Texte: Wundertexte\" \/>\n<meta name=\"robots\" content=\"index, follow, max-snippet:-1, max-image-preview:large, max-video-preview:-1\" \/>\n<link rel=\"canonical\" href=\"https:\/\/www.wundertexte.de\/wundertexte-startseite\/herzrasen-das-pokalaus-als-gutes-omen\/\" \/>\n<meta property=\"og:locale\" content=\"de_DE\" \/>\n<meta property=\"og:type\" content=\"article\" \/>\n<meta property=\"og:title\" content=\"Herzrasen - Das Pokalaus als gutes Omen - Wundertexte\" \/>\n<meta property=\"og:description\" content=\"Wunder macht Texte: Wundertexte\" \/>\n<meta property=\"og:url\" content=\"https:\/\/www.wundertexte.de\/wundertexte-startseite\/herzrasen-das-pokalaus-als-gutes-omen\/\" \/>\n<meta property=\"og:site_name\" content=\"Wundertexte\" \/>\n<meta property=\"article:publisher\" content=\"https:\/\/www.facebook.com\/ClaudiaWundertexte\" \/>\n<meta property=\"article:published_time\" content=\"2018-09-02T11:44:12+00:00\" \/>\n<meta property=\"og:image\" content=\"http:\/\/www.wundertexte.de\/wp-content\/uploads\/2018\/08\/170523_hjw_herzrasen41_klein-300x200.jpg\" \/>\n<meta name=\"author\" content=\"Claudia\" \/>\n<meta name=\"twitter:card\" content=\"summary_large_image\" \/>\n<meta name=\"twitter:label1\" content=\"Verfasst von\" \/>\n\t<meta name=\"twitter:data1\" content=\"Claudia\" \/>\n\t<meta name=\"twitter:label2\" content=\"Gesch\u00e4tzte Lesezeit\" \/>\n\t<meta name=\"twitter:data2\" content=\"1\u00a0Minute\" \/>\n<script type=\"application\/ld+json\" class=\"yoast-schema-graph\">{\"@context\":\"https:\/\/schema.org\",\"@graph\":[{\"@type\":\"Article\",\"@id\":\"https:\/\/www.wundertexte.de\/wundertexte-startseite\/herzrasen-das-pokalaus-als-gutes-omen\/#article\",\"isPartOf\":{\"@id\":\"https:\/\/www.wundertexte.de\/wundertexte-startseite\/herzrasen-das-pokalaus-als-gutes-omen\/\"},\"author\":{\"name\":\"Claudia\",\"@id\":\"https:\/\/www.wundertexte.de\/wundertexte-startseite\/#\/schema\/person\/24790517072ae8f62bc5c2edbdfddc98\"},\"headline\":\"Herzrasen &#8211; Das Pokalaus als gutes Omen\",\"datePublished\":\"2018-09-02T11:44:12+00:00\",\"dateModified\":\"2018-09-02T11:44:12+00:00\",\"mainEntityOfPage\":{\"@id\":\"https:\/\/www.wundertexte.de\/wundertexte-startseite\/herzrasen-das-pokalaus-als-gutes-omen\/\"},\"wordCount\":118,\"commentCount\":0,\"publisher\":{\"@id\":\"https:\/\/www.wundertexte.de\/wundertexte-startseite\/#organization\"},\"image\":{\"@id\":\"https:\/\/www.wundertexte.de\/wundertexte-startseite\/herzrasen-das-pokalaus-als-gutes-omen\/#primaryimage\"},\"thumbnailUrl\":\"http:\/\/www.wundertexte.de\/wp-content\/uploads\/2018\/08\/170523_hjw_herzrasen41_klein-300x200.jpg\",\"keywords\":[\"Herzrasen\",\"Ella\",\"Kleeblatt\"],\"articleSection\":[\"Wundertexte \u00fcbern Glubb\"],\"inLanguage\":\"de\",\"potentialAction\":[{\"@type\":\"CommentAction\",\"name\":\"Comment\",\"target\":[\"https:\/\/www.wundertexte.de\/wundertexte-startseite\/herzrasen-das-pokalaus-als-gutes-omen\/#respond\"]}]},{\"@type\":\"WebPage\",\"@id\":\"https:\/\/www.wundertexte.de\/wundertexte-startseite\/herzrasen-das-pokalaus-als-gutes-omen\/\",\"url\":\"https:\/\/www.wundertexte.de\/wundertexte-startseite\/herzrasen-das-pokalaus-als-gutes-omen\/\",\"name\":\"Herzrasen - Das Pokalaus als gutes Omen - Wundertexte\",\"isPartOf\":{\"@id\":\"https:\/\/www.wundertexte.de\/wundertexte-startseite\/#website\"},\"primaryImageOfPage\":{\"@id\":\"https:\/\/www.wundertexte.de\/wundertexte-startseite\/herzrasen-das-pokalaus-als-gutes-omen\/#primaryimage\"},\"image\":{\"@id\":\"https:\/\/www.wundertexte.de\/wundertexte-startseite\/herzrasen-das-pokalaus-als-gutes-omen\/#primaryimage\"},\"thumbnailUrl\":\"http:\/\/www.wundertexte.de\/wp-content\/uploads\/2018\/08\/170523_hjw_herzrasen41_klein-300x200.jpg\",\"datePublished\":\"2018-09-02T11:44:12+00:00\",\"dateModified\":\"2018-09-02T11:44:12+00:00\",\"description\":\"Wunder macht Texte: Wundertexte\",\"breadcrumb\":{\"@id\":\"https:\/\/www.wundertexte.de\/wundertexte-startseite\/herzrasen-das-pokalaus-als-gutes-omen\/#breadcrumb\"},\"inLanguage\":\"de\",\"potentialAction\":[{\"@type\":\"ReadAction\",\"target\":[\"https:\/\/www.wundertexte.de\/wundertexte-startseite\/herzrasen-das-pokalaus-als-gutes-omen\/\"]}]},{\"@type\":\"ImageObject\",\"inLanguage\":\"de\",\"@id\":\"https:\/\/www.wundertexte.de\/wundertexte-startseite\/herzrasen-das-pokalaus-als-gutes-omen\/#primaryimage\",\"url\":\"http:\/\/www.wundertexte.de\/wp-content\/uploads\/2018\/08\/170523_hjw_herzrasen41_klein-300x200.jpg\",\"contentUrl\":\"http:\/\/www.wundertexte.de\/wp-content\/uploads\/2018\/08\/170523_hjw_herzrasen41_klein-300x200.jpg\"},{\"@type\":\"BreadcrumbList\",\"@id\":\"https:\/\/www.wundertexte.de\/wundertexte-startseite\/herzrasen-das-pokalaus-als-gutes-omen\/#breadcrumb\",\"itemListElement\":[{\"@type\":\"ListItem\",\"position\":1,\"name\":\"Startseite\",\"item\":\"https:\/\/www.wundertexte.de\/wundertexte-startseite\/\"},{\"@type\":\"ListItem\",\"position\":2,\"name\":\"Herzrasen &#8211; Das Pokalaus als gutes Omen\"}]},{\"@type\":\"WebSite\",\"@id\":\"https:\/\/www.wundertexte.de\/wundertexte-startseite\/#website\",\"url\":\"https:\/\/www.wundertexte.de\/wundertexte-startseite\/\",\"name\":\"Wundertexte\",\"description\":\"Wunder macht Texte\",\"publisher\":{\"@id\":\"https:\/\/www.wundertexte.de\/wundertexte-startseite\/#organization\"},\"potentialAction\":[{\"@type\":\"SearchAction\",\"target\":{\"@type\":\"EntryPoint\",\"urlTemplate\":\"https:\/\/www.wundertexte.de\/wundertexte-startseite\/?s={search_term_string}\"},\"query-input\":\"required name=search_term_string\"}],\"inLanguage\":\"de\"},{\"@type\":\"Organization\",\"@id\":\"https:\/\/www.wundertexte.de\/wundertexte-startseite\/#organization\",\"name\":\"Wundertexte\",\"url\":\"https:\/\/www.wundertexte.de\/wundertexte-startseite\/\",\"logo\":{\"@type\":\"ImageObject\",\"inLanguage\":\"de\",\"@id\":\"https:\/\/www.wundertexte.de\/wundertexte-startseite\/#\/schema\/logo\/image\/\",\"url\":\"https:\/\/www.wundertexte.de\/wp-content\/uploads\/2021\/11\/LOGO_wundertexte_RGB_400x400px.jpg\",\"contentUrl\":\"https:\/\/www.wundertexte.de\/wp-content\/uploads\/2021\/11\/LOGO_wundertexte_RGB_400x400px.jpg\",\"width\":1668,\"height\":1667,\"caption\":\"Wundertexte\"},\"image\":{\"@id\":\"https:\/\/www.wundertexte.de\/wundertexte-startseite\/#\/schema\/logo\/image\/\"},\"sameAs\":[\"https:\/\/www.facebook.com\/ClaudiaWundertexte\",\"https:\/\/www.instagram.com\/_wundertexte_\"]},{\"@type\":\"Person\",\"@id\":\"https:\/\/www.wundertexte.de\/wundertexte-startseite\/#\/schema\/person\/24790517072ae8f62bc5c2edbdfddc98\",\"name\":\"Claudia\",\"image\":{\"@type\":\"ImageObject\",\"inLanguage\":\"de\",\"@id\":\"https:\/\/www.wundertexte.de\/wundertexte-startseite\/#\/schema\/person\/image\/\",\"url\":\"https:\/\/secure.gravatar.com\/avatar\/b911361c85b3a270c4ac78b5ed4fac75eed9edb9af9afa1fa8c4a6c44cfb34e9?s=96&d=mm&r=g\",\"contentUrl\":\"https:\/\/secure.gravatar.com\/avatar\/b911361c85b3a270c4ac78b5ed4fac75eed9edb9af9afa1fa8c4a6c44cfb34e9?s=96&d=mm&r=g\",\"caption\":\"Claudia\"},\"description\":\"Waschechte N\u00fcrnbergerin, Clubberin, L\u00e4uferin, Journalistin - und musikverr\u00fcckt. 1972 geboren haben sie musikalisch die sagenumwobenen 80er Jahre gepr\u00e4gt mit Bands wie Metallica, Mot\u00f6rhead, Iron Maiden, Judas Priest oder Slayer. Ge\u00e4ndert hat sich der Musikgeschmack seitdem nicht mehr nennenswert, Hardcore und Metalcore kamen hinzu, eben alles was schnell, laut und hart ist. Motto: Ein Leben ohne den Club und Musik k\u00f6nnte m\u00f6glich sein - w\u00e4re aber sinnlos!\",\"sameAs\":[\"http:\/\/www.wundertexte.de\"]}]}<\/script>\n<!-- \/ Yoast SEO plugin. -->","yoast_head_json":{"title":"Herzrasen - Das Pokalaus als gutes Omen - Wundertexte","description":"Wunder macht Texte: Wundertexte","robots":{"index":"index","follow":"follow","max-snippet":"max-snippet:-1","max-image-preview":"max-image-preview:large","max-video-preview":"max-video-preview:-1"},"canonical":"https:\/\/www.wundertexte.de\/wundertexte-startseite\/herzrasen-das-pokalaus-als-gutes-omen\/","og_locale":"de_DE","og_type":"article","og_title":"Herzrasen - Das Pokalaus als gutes Omen - Wundertexte","og_description":"Wunder macht Texte: Wundertexte","og_url":"https:\/\/www.wundertexte.de\/wundertexte-startseite\/herzrasen-das-pokalaus-als-gutes-omen\/","og_site_name":"Wundertexte","article_publisher":"https:\/\/www.facebook.com\/ClaudiaWundertexte","article_published_time":"2018-09-02T11:44:12+00:00","og_image":[{"url":"http:\/\/www.wundertexte.de\/wp-content\/uploads\/2018\/08\/170523_hjw_herzrasen41_klein-300x200.jpg"}],"author":"Claudia","twitter_card":"summary_large_image","twitter_misc":{"Verfasst von":"Claudia","Gesch\u00e4tzte Lesezeit":"1\u00a0Minute"},"schema":{"@context":"https:\/\/schema.org","@graph":[{"@type":"Article","@id":"https:\/\/www.wundertexte.de\/wundertexte-startseite\/herzrasen-das-pokalaus-als-gutes-omen\/#article","isPartOf":{"@id":"https:\/\/www.wundertexte.de\/wundertexte-startseite\/herzrasen-das-pokalaus-als-gutes-omen\/"},"author":{"name":"Claudia","@id":"https:\/\/www.wundertexte.de\/wundertexte-startseite\/#\/schema\/person\/24790517072ae8f62bc5c2edbdfddc98"},"headline":"Herzrasen &#8211; Das Pokalaus als gutes Omen","datePublished":"2018-09-02T11:44:12+00:00","dateModified":"2018-09-02T11:44:12+00:00","mainEntityOfPage":{"@id":"https:\/\/www.wundertexte.de\/wundertexte-startseite\/herzrasen-das-pokalaus-als-gutes-omen\/"},"wordCount":118,"commentCount":0,"publisher":{"@id":"https:\/\/www.wundertexte.de\/wundertexte-startseite\/#organization"},"image":{"@id":"https:\/\/www.wundertexte.de\/wundertexte-startseite\/herzrasen-das-pokalaus-als-gutes-omen\/#primaryimage"},"thumbnailUrl":"http:\/\/www.wundertexte.de\/wp-content\/uploads\/2018\/08\/170523_hjw_herzrasen41_klein-300x200.jpg","keywords":["Herzrasen","Ella","Kleeblatt"],"articleSection":["Wundertexte \u00fcbern Glubb"],"inLanguage":"de","potentialAction":[{"@type":"CommentAction","name":"Comment","target":["https:\/\/www.wundertexte.de\/wundertexte-startseite\/herzrasen-das-pokalaus-als-gutes-omen\/#respond"]}]},{"@type":"WebPage","@id":"https:\/\/www.wundertexte.de\/wundertexte-startseite\/herzrasen-das-pokalaus-als-gutes-omen\/","url":"https:\/\/www.wundertexte.de\/wundertexte-startseite\/herzrasen-das-pokalaus-als-gutes-omen\/","name":"Herzrasen - Das Pokalaus als gutes Omen - Wundertexte","isPartOf":{"@id":"https:\/\/www.wundertexte.de\/wundertexte-startseite\/#website"},"primaryImageOfPage":{"@id":"https:\/\/www.wundertexte.de\/wundertexte-startseite\/herzrasen-das-pokalaus-als-gutes-omen\/#primaryimage"},"image":{"@id":"https:\/\/www.wundertexte.de\/wundertexte-startseite\/herzrasen-das-pokalaus-als-gutes-omen\/#primaryimage"},"thumbnailUrl":"http:\/\/www.wundertexte.de\/wp-content\/uploads\/2018\/08\/170523_hjw_herzrasen41_klein-300x200.jpg","datePublished":"2018-09-02T11:44:12+00:00","dateModified":"2018-09-02T11:44:12+00:00","description":"Wunder macht Texte: Wundertexte","breadcrumb":{"@id":"https:\/\/www.wundertexte.de\/wundertexte-startseite\/herzrasen-das-pokalaus-als-gutes-omen\/#breadcrumb"},"inLanguage":"de","potentialAction":[{"@type":"ReadAction","target":["https:\/\/www.wundertexte.de\/wundertexte-startseite\/herzrasen-das-pokalaus-als-gutes-omen\/"]}]},{"@type":"ImageObject","inLanguage":"de","@id":"https:\/\/www.wundertexte.de\/wundertexte-startseite\/herzrasen-das-pokalaus-als-gutes-omen\/#primaryimage","url":"http:\/\/www.wundertexte.de\/wp-content\/uploads\/2018\/08\/170523_hjw_herzrasen41_klein-300x200.jpg","contentUrl":"http:\/\/www.wundertexte.de\/wp-content\/uploads\/2018\/08\/170523_hjw_herzrasen41_klein-300x200.jpg"},{"@type":"BreadcrumbList","@id":"https:\/\/www.wundertexte.de\/wundertexte-startseite\/herzrasen-das-pokalaus-als-gutes-omen\/#breadcrumb","itemListElement":[{"@type":"ListItem","position":1,"name":"Startseite","item":"https:\/\/www.wundertexte.de\/wundertexte-startseite\/"},{"@type":"ListItem","position":2,"name":"Herzrasen &#8211; Das Pokalaus als gutes Omen"}]},{"@type":"WebSite","@id":"https:\/\/www.wundertexte.de\/wundertexte-startseite\/#website","url":"https:\/\/www.wundertexte.de\/wundertexte-startseite\/","name":"Wundertexte","description":"Wunder macht Texte","publisher":{"@id":"https:\/\/www.wundertexte.de\/wundertexte-startseite\/#organization"},"potentialAction":[{"@type":"SearchAction","target":{"@type":"EntryPoint","urlTemplate":"https:\/\/www.wundertexte.de\/wundertexte-startseite\/?s={search_term_string}"},"query-input":"required name=search_term_string"}],"inLanguage":"de"},{"@type":"Organization","@id":"https:\/\/www.wundertexte.de\/wundertexte-startseite\/#organization","name":"Wundertexte","url":"https:\/\/www.wundertexte.de\/wundertexte-startseite\/","logo":{"@type":"ImageObject","inLanguage":"de","@id":"https:\/\/www.wundertexte.de\/wundertexte-startseite\/#\/schema\/logo\/image\/","url":"https:\/\/www.wundertexte.de\/wp-content\/uploads\/2021\/11\/LOGO_wundertexte_RGB_400x400px.jpg","contentUrl":"https:\/\/www.wundertexte.de\/wp-content\/uploads\/2021\/11\/LOGO_wundertexte_RGB_400x400px.jpg","width":1668,"height":1667,"caption":"Wundertexte"},"image":{"@id":"https:\/\/www.wundertexte.de\/wundertexte-startseite\/#\/schema\/logo\/image\/"},"sameAs":["https:\/\/www.facebook.com\/ClaudiaWundertexte","https:\/\/www.instagram.com\/_wundertexte_"]},{"@type":"Person","@id":"https:\/\/www.wundertexte.de\/wundertexte-startseite\/#\/schema\/person\/24790517072ae8f62bc5c2edbdfddc98","name":"Claudia","image":{"@type":"ImageObject","inLanguage":"de","@id":"https:\/\/www.wundertexte.de\/wundertexte-startseite\/#\/schema\/person\/image\/","url":"https:\/\/secure.gravatar.com\/avatar\/b911361c85b3a270c4ac78b5ed4fac75eed9edb9af9afa1fa8c4a6c44cfb34e9?s=96&d=mm&r=g","contentUrl":"https:\/\/secure.gravatar.com\/avatar\/b911361c85b3a270c4ac78b5ed4fac75eed9edb9af9afa1fa8c4a6c44cfb34e9?s=96&d=mm&r=g","caption":"Claudia"},"description":"Waschechte N\u00fcrnbergerin, Clubberin, L\u00e4uferin, Journalistin - und musikverr\u00fcckt. 1972 geboren haben sie musikalisch die sagenumwobenen 80er Jahre gepr\u00e4gt mit Bands wie Metallica, Mot\u00f6rhead, Iron Maiden, Judas Priest oder Slayer. Ge\u00e4ndert hat sich der Musikgeschmack seitdem nicht mehr nennenswert, Hardcore und Metalcore kamen hinzu, eben alles was schnell, laut und hart ist. Motto: Ein Leben ohne den Club und Musik k\u00f6nnte m\u00f6glich sein - w\u00e4re aber sinnlos!","sameAs":["http:\/\/www.wundertexte.de"]}]}},"_links":{"self":[{"href":"https:\/\/www.wundertexte.de\/wundertexte-startseite\/wp-json\/wp\/v2\/posts\/345","targetHints":{"allow":["GET"]}}],"collection":[{"href":"https:\/\/www.wundertexte.de\/wundertexte-startseite\/wp-json\/wp\/v2\/posts"}],"about":[{"href":"https:\/\/www.wundertexte.de\/wundertexte-startseite\/wp-json\/wp\/v2\/types\/post"}],"author":[{"embeddable":true,"href":"https:\/\/www.wundertexte.de\/wundertexte-startseite\/wp-json\/wp\/v2\/users\/1"}],"replies":[{"embeddable":true,"href":"https:\/\/www.wundertexte.de\/wundertexte-startseite\/wp-json\/wp\/v2\/comments?post=345"}],"version-history":[{"count":1,"href":"https:\/\/www.wundertexte.de\/wundertexte-startseite\/wp-json\/wp\/v2\/posts\/345\/revisions"}],"predecessor-version":[{"id":346,"href":"https:\/\/www.wundertexte.de\/wundertexte-startseite\/wp-json\/wp\/v2\/posts\/345\/revisions\/346"}],"wp:attachment":[{"href":"https:\/\/www.wundertexte.de\/wundertexte-startseite\/wp-json\/wp\/v2\/media?parent=345"}],"wp:term":[{"taxonomy":"category","embeddable":true,"href":"https:\/\/www.wundertexte.de\/wundertexte-startseite\/wp-json\/wp\/v2\/categories?post=345"},{"taxonomy":"post_tag","embeddable":true,"href":"https:\/\/www.wundertexte.de\/wundertexte-startseite\/wp-json\/wp\/v2\/tags?post=345"}],"curies":[{"name":"wp","href":"https:\/\/api.w.org\/{rel}","templated":true}]}}