{"id":322,"date":"2018-08-22T14:10:23","date_gmt":"2018-08-22T12:10:23","guid":{"rendered":"http:\/\/www.wundertexte.de\/?p=322"},"modified":"2018-08-22T14:45:03","modified_gmt":"2018-08-22T12:45:03","slug":"pokal-1-runde-berlin-berlin-wir-fahren-nach-berlin","status":"publish","type":"post","link":"https:\/\/www.wundertexte.de\/wundertexte-startseite\/pokal-1-runde-berlin-berlin-wir-fahren-nach-berlin\/","title":{"rendered":"Pokal 1. Runde &#8211; Berlin, Berlin, wir fahren nach Berlin!"},"content":{"rendered":"<p>Erinnert ihr euch noch an den 26. Mai 2007? Gut, das ist f\u00fcr jeden Clubfan selbstverst\u00e4ndlich eine rhetorische Frage. Momente f\u00fcr die Glubb-Ewigkeit waren das. Getreu dem Motto \u201eDer Weg ist das Ziel\u201c nahmen wir damals den manchmal beschwerlichen (Unterhaching!), manchmal grandiosen (Frankfurt!) Gang in die Hauptstadt auf uns, um dort in v\u00f6lliger Ekstase, grenzenloser Freude und gl\u00fcckstaumelnd den Pokalsieg unserer Mannschaft zu zelebrieren.<\/p>\n<p>Einmal gemeinsam tief geseufzt.<!--more--><\/p>\n<p>Wirklich verw\u00f6hnt wurden wir von unserem Herzensverein seither bei diesem Wettbewerb nicht mehr. Vier Mal immerhin schieden wir zwar erst im Achtelfinale aus. Doch ebenfalls vier Mal war nach der zweiten Runde Schluss und drei Mal (auch noch hintereinander) \u00fcberstanden wir nicht mal die jeweils erste Begegnung. \u201ePokal ist nur ein Mal im Jahr\u201c \u2013 gut, dass wir Franken auch selbstironisch sein k\u00f6nnen.<\/p>\n<p>Jetzt schreiben wir das Jahr 2018 und sehen wir es positiv: Zum vierten Mal hintereinander ist der Glubb kein \u201eDer-Pokal-hat-seine-eigenen-Gesetze-Depp\u201c. Die Deppen hei\u00dfen in diesem Jahr VfB Stuttgart und Eintracht Frankfurt. Und fast auch Bayern M\u00fcnchen und Borussia Dortmund. Leider nur \u201efast\u201c.<\/p>\n<p>Doch schauen wir auf uns, und nicht auf andere. \u00dcber das Spiel gegen den SV Linx selbst kann ich nichts sagen. Da das erste Pokalwochenende traditionell auf das Summer Breeze Festival f\u00e4llt, erlebte ich das Match auch in diesem Jahr per Kicker-App am Handy mit. Man sammelt ja so seine Erfahrungen mit den Jahren, und daher hatte ich mich schon darauf eingestellt: Der normale Metal-Fan ist im Allgemeinen eher kein Fu\u00dfball-Anh\u00e4nger, und es werden weder Ergebnisse auf den Leinw\u00e4nden eingeblendet noch gar Spiele auf Fernsehern gezeigt. So standen wir also in diesem Jahr zu f\u00fcnft (drei Glubberer und zwei Fortuna-Fans) am Samstag ab 15.30 Uhr mit gez\u00fcckten Handys auf dem staubigen Gel\u00e4nde und wischten alle zwei Minuten (ok, wohl eher alle 30 Sekunden) hektisch \u00fcber das Display zum Aktualisieren. Mit zunehmender Panik. Mit Sto\u00dfgebeten zum Himmel: Bitte keine Verl\u00e4ngerung, bitte kein Elfmeterschie\u00dfen. BITTE! Unsere D\u00fcsseldorfer Freunde waren verst\u00e4ndlicherweise relativ gelassen. Ob aus Mitleid oder \u00dcberzeugung, wei\u00df ich nicht, jedenfalls sagte Claus in der 85. Minute zu mir: \u201eGleich schie\u00dft ihr noch eines.\u201c H\u00e4tte er das nicht ein bisschen fr\u00fcher sagen k\u00f6nnen?? Die Erleichterung \u00fcber Ishaks Tor war grenzenlos. Oder fachgerecht ausgedr\u00fcckt: motherf*cking awesome.<\/p>\n<p><img loading=\"lazy\" decoding=\"async\" class=\"alignnone size-medium wp-image-321\" src=\"http:\/\/www.wundertexte.de\/wp-content\/uploads\/2018\/08\/39665515_2185342954865019_408149041331830784_o-300x199.jpg\" alt=\"\" width=\"300\" height=\"199\" srcset=\"https:\/\/www.wundertexte.de\/wp-content\/uploads\/2018\/08\/39665515_2185342954865019_408149041331830784_o-300x199.jpg 300w, https:\/\/www.wundertexte.de\/wp-content\/uploads\/2018\/08\/39665515_2185342954865019_408149041331830784_o-768x509.jpg 768w, https:\/\/www.wundertexte.de\/wp-content\/uploads\/2018\/08\/39665515_2185342954865019_408149041331830784_o-1024x678.jpg 1024w, https:\/\/www.wundertexte.de\/wp-content\/uploads\/2018\/08\/39665515_2185342954865019_408149041331830784_o.jpg 1848w\" sizes=\"auto, (max-width: 300px) 100vw, 300px\" \/><\/p>\n<p>Ob das Spiel selber nun so schlecht war, wie in manchen Medien dargestellt, oder ob die K\u00f6llnerschen Mannen verdient gewonnen haben, wie es andere schreiben \u2013 ganz ehrlich? Total egal! Wir sind eine Runde weiter \u2013 und fahren nach Berlin!<\/p>\n<p>Mindestens ein Mal in dieser Saison zumindest und gleich mal zum Auftakt. Ich bin aufgeregt und voller Vorfreude, dass es endlich wieder los geht! Gleichzeitig macht sich in meinem Bauch ein fieses Grummeln breit: Wie werden wir uns in der ersten Liga schlagen? Gehen wir komplett unter? K\u00f6nnen wir als Underdog \u00fcberraschen? Reicht unser Kader um mitmischen zu k\u00f6nnen? Wie lange f\u00e4llt Ewerton aus, in welcher Form ist Kerk, hat Ishak seinen Torriecher zur\u00fcck entdeckt? Ich kann es einfach nicht einsch\u00e4tzen. Unser Glubb ist und bleibt halt eine Wundert\u00fcte. Und daf\u00fcr lieben wir ihn ja auch.<\/p>\n","protected":false},"excerpt":{"rendered":"<p>Erinnert ihr euch noch an den 26. Mai 2007? Gut, das ist f\u00fcr jeden Clubfan selbstverst\u00e4ndlich eine rhetorische Frage. Momente f\u00fcr die Glubb-Ewigkeit waren das. Getreu dem Motto \u201eDer Weg ist das Ziel\u201c nahmen wir damals den manchmal beschwerlichen (Unterhaching!), manchmal grandiosen (Frankfurt!) Gang in die Hauptstadt auf uns, um dort in v\u00f6lliger Ekstase, grenzenloser [&hellip;]<\/p>\n","protected":false},"author":1,"featured_media":213,"comment_status":"open","ping_status":"open","sticky":false,"template":"","format":"standard","meta":{"footnotes":""},"categories":[3],"tags":[50,51,52,16],"class_list":["post-322","post","type-post","status-publish","format-standard","has-post-thumbnail","hentry","category-wundertexte-uebern-glubb","tag-pokal","tag-1-runde","tag-linx","tag-wundertexte"],"yoast_head":"<!-- This site is optimized with the Yoast SEO plugin v22.7 - https:\/\/yoast.com\/wordpress\/plugins\/seo\/ -->\n<title>Pokal 1. Runde - Berlin, Berlin, wir fahren nach Berlin! - Wundertexte<\/title>\n<meta name=\"description\" content=\"Wunder macht Texte: Wundertexte\" \/>\n<meta name=\"robots\" content=\"index, follow, max-snippet:-1, max-image-preview:large, max-video-preview:-1\" \/>\n<link rel=\"canonical\" href=\"https:\/\/www.wundertexte.de\/wundertexte-startseite\/pokal-1-runde-berlin-berlin-wir-fahren-nach-berlin\/\" \/>\n<meta property=\"og:locale\" content=\"de_DE\" \/>\n<meta property=\"og:type\" content=\"article\" \/>\n<meta property=\"og:title\" content=\"Pokal 1. Runde - Berlin, Berlin, wir fahren nach Berlin! - Wundertexte\" \/>\n<meta property=\"og:description\" content=\"Wunder macht Texte: Wundertexte\" \/>\n<meta property=\"og:url\" content=\"https:\/\/www.wundertexte.de\/wundertexte-startseite\/pokal-1-runde-berlin-berlin-wir-fahren-nach-berlin\/\" \/>\n<meta property=\"og:site_name\" content=\"Wundertexte\" \/>\n<meta property=\"article:publisher\" content=\"https:\/\/www.facebook.com\/ClaudiaWundertexte\" \/>\n<meta property=\"article:published_time\" content=\"2018-08-22T12:10:23+00:00\" \/>\n<meta property=\"article:modified_time\" content=\"2018-08-22T12:45:03+00:00\" \/>\n<meta property=\"og:image\" content=\"https:\/\/www.wundertexte.de\/wp-content\/uploads\/2018\/03\/Wundertexte_logorot-schwarz-1024x640.jpg\" \/>\n\t<meta property=\"og:image:width\" content=\"1024\" \/>\n\t<meta property=\"og:image:height\" content=\"640\" \/>\n\t<meta property=\"og:image:type\" content=\"image\/jpeg\" \/>\n<meta name=\"author\" content=\"Claudia\" \/>\n<meta name=\"twitter:card\" content=\"summary_large_image\" \/>\n<meta name=\"twitter:label1\" content=\"Verfasst von\" \/>\n\t<meta name=\"twitter:data1\" content=\"Claudia\" \/>\n\t<meta name=\"twitter:label2\" content=\"Gesch\u00e4tzte Lesezeit\" \/>\n\t<meta name=\"twitter:data2\" content=\"3\u00a0Minuten\" \/>\n<script type=\"application\/ld+json\" class=\"yoast-schema-graph\">{\"@context\":\"https:\/\/schema.org\",\"@graph\":[{\"@type\":\"Article\",\"@id\":\"https:\/\/www.wundertexte.de\/wundertexte-startseite\/pokal-1-runde-berlin-berlin-wir-fahren-nach-berlin\/#article\",\"isPartOf\":{\"@id\":\"https:\/\/www.wundertexte.de\/wundertexte-startseite\/pokal-1-runde-berlin-berlin-wir-fahren-nach-berlin\/\"},\"author\":{\"name\":\"Claudia\",\"@id\":\"https:\/\/www.wundertexte.de\/wundertexte-startseite\/#\/schema\/person\/24790517072ae8f62bc5c2edbdfddc98\"},\"headline\":\"Pokal 1. Runde &#8211; Berlin, Berlin, wir fahren nach Berlin!\",\"datePublished\":\"2018-08-22T12:10:23+00:00\",\"dateModified\":\"2018-08-22T12:45:03+00:00\",\"mainEntityOfPage\":{\"@id\":\"https:\/\/www.wundertexte.de\/wundertexte-startseite\/pokal-1-runde-berlin-berlin-wir-fahren-nach-berlin\/\"},\"wordCount\":537,\"commentCount\":0,\"publisher\":{\"@id\":\"https:\/\/www.wundertexte.de\/wundertexte-startseite\/#organization\"},\"image\":{\"@id\":\"https:\/\/www.wundertexte.de\/wundertexte-startseite\/pokal-1-runde-berlin-berlin-wir-fahren-nach-berlin\/#primaryimage\"},\"thumbnailUrl\":\"https:\/\/www.wundertexte.de\/wp-content\/uploads\/2018\/03\/Wundertexte_logorot-schwarz.jpg\",\"keywords\":[\"Pokal\",\"1. Runde\",\"Linx\",\"Wundertexte\"],\"articleSection\":[\"Wundertexte \u00fcbern Glubb\"],\"inLanguage\":\"de\",\"potentialAction\":[{\"@type\":\"CommentAction\",\"name\":\"Comment\",\"target\":[\"https:\/\/www.wundertexte.de\/wundertexte-startseite\/pokal-1-runde-berlin-berlin-wir-fahren-nach-berlin\/#respond\"]}]},{\"@type\":\"WebPage\",\"@id\":\"https:\/\/www.wundertexte.de\/wundertexte-startseite\/pokal-1-runde-berlin-berlin-wir-fahren-nach-berlin\/\",\"url\":\"https:\/\/www.wundertexte.de\/wundertexte-startseite\/pokal-1-runde-berlin-berlin-wir-fahren-nach-berlin\/\",\"name\":\"Pokal 1. Runde - Berlin, Berlin, wir fahren nach Berlin! - Wundertexte\",\"isPartOf\":{\"@id\":\"https:\/\/www.wundertexte.de\/wundertexte-startseite\/#website\"},\"primaryImageOfPage\":{\"@id\":\"https:\/\/www.wundertexte.de\/wundertexte-startseite\/pokal-1-runde-berlin-berlin-wir-fahren-nach-berlin\/#primaryimage\"},\"image\":{\"@id\":\"https:\/\/www.wundertexte.de\/wundertexte-startseite\/pokal-1-runde-berlin-berlin-wir-fahren-nach-berlin\/#primaryimage\"},\"thumbnailUrl\":\"https:\/\/www.wundertexte.de\/wp-content\/uploads\/2018\/03\/Wundertexte_logorot-schwarz.jpg\",\"datePublished\":\"2018-08-22T12:10:23+00:00\",\"dateModified\":\"2018-08-22T12:45:03+00:00\",\"description\":\"Wunder macht Texte: Wundertexte\",\"breadcrumb\":{\"@id\":\"https:\/\/www.wundertexte.de\/wundertexte-startseite\/pokal-1-runde-berlin-berlin-wir-fahren-nach-berlin\/#breadcrumb\"},\"inLanguage\":\"de\",\"potentialAction\":[{\"@type\":\"ReadAction\",\"target\":[\"https:\/\/www.wundertexte.de\/wundertexte-startseite\/pokal-1-runde-berlin-berlin-wir-fahren-nach-berlin\/\"]}]},{\"@type\":\"ImageObject\",\"inLanguage\":\"de\",\"@id\":\"https:\/\/www.wundertexte.de\/wundertexte-startseite\/pokal-1-runde-berlin-berlin-wir-fahren-nach-berlin\/#primaryimage\",\"url\":\"https:\/\/www.wundertexte.de\/wp-content\/uploads\/2018\/03\/Wundertexte_logorot-schwarz.jpg\",\"contentUrl\":\"https:\/\/www.wundertexte.de\/wp-content\/uploads\/2018\/03\/Wundertexte_logorot-schwarz.jpg\",\"width\":6000,\"height\":3750,\"caption\":\"Wundertexte \u00fcbern Glubb\"},{\"@type\":\"BreadcrumbList\",\"@id\":\"https:\/\/www.wundertexte.de\/wundertexte-startseite\/pokal-1-runde-berlin-berlin-wir-fahren-nach-berlin\/#breadcrumb\",\"itemListElement\":[{\"@type\":\"ListItem\",\"position\":1,\"name\":\"Startseite\",\"item\":\"https:\/\/www.wundertexte.de\/wundertexte-startseite\/\"},{\"@type\":\"ListItem\",\"position\":2,\"name\":\"Pokal 1. Runde &#8211; Berlin, Berlin, wir fahren nach Berlin!\"}]},{\"@type\":\"WebSite\",\"@id\":\"https:\/\/www.wundertexte.de\/wundertexte-startseite\/#website\",\"url\":\"https:\/\/www.wundertexte.de\/wundertexte-startseite\/\",\"name\":\"Wundertexte\",\"description\":\"Wunder macht Texte\",\"publisher\":{\"@id\":\"https:\/\/www.wundertexte.de\/wundertexte-startseite\/#organization\"},\"potentialAction\":[{\"@type\":\"SearchAction\",\"target\":{\"@type\":\"EntryPoint\",\"urlTemplate\":\"https:\/\/www.wundertexte.de\/wundertexte-startseite\/?s={search_term_string}\"},\"query-input\":\"required name=search_term_string\"}],\"inLanguage\":\"de\"},{\"@type\":\"Organization\",\"@id\":\"https:\/\/www.wundertexte.de\/wundertexte-startseite\/#organization\",\"name\":\"Wundertexte\",\"url\":\"https:\/\/www.wundertexte.de\/wundertexte-startseite\/\",\"logo\":{\"@type\":\"ImageObject\",\"inLanguage\":\"de\",\"@id\":\"https:\/\/www.wundertexte.de\/wundertexte-startseite\/#\/schema\/logo\/image\/\",\"url\":\"https:\/\/www.wundertexte.de\/wp-content\/uploads\/2021\/11\/LOGO_wundertexte_RGB_400x400px.jpg\",\"contentUrl\":\"https:\/\/www.wundertexte.de\/wp-content\/uploads\/2021\/11\/LOGO_wundertexte_RGB_400x400px.jpg\",\"width\":1668,\"height\":1667,\"caption\":\"Wundertexte\"},\"image\":{\"@id\":\"https:\/\/www.wundertexte.de\/wundertexte-startseite\/#\/schema\/logo\/image\/\"},\"sameAs\":[\"https:\/\/www.facebook.com\/ClaudiaWundertexte\",\"https:\/\/www.instagram.com\/_wundertexte_\"]},{\"@type\":\"Person\",\"@id\":\"https:\/\/www.wundertexte.de\/wundertexte-startseite\/#\/schema\/person\/24790517072ae8f62bc5c2edbdfddc98\",\"name\":\"Claudia\",\"image\":{\"@type\":\"ImageObject\",\"inLanguage\":\"de\",\"@id\":\"https:\/\/www.wundertexte.de\/wundertexte-startseite\/#\/schema\/person\/image\/\",\"url\":\"https:\/\/secure.gravatar.com\/avatar\/b911361c85b3a270c4ac78b5ed4fac75eed9edb9af9afa1fa8c4a6c44cfb34e9?s=96&d=mm&r=g\",\"contentUrl\":\"https:\/\/secure.gravatar.com\/avatar\/b911361c85b3a270c4ac78b5ed4fac75eed9edb9af9afa1fa8c4a6c44cfb34e9?s=96&d=mm&r=g\",\"caption\":\"Claudia\"},\"description\":\"Waschechte N\u00fcrnbergerin, Clubberin, L\u00e4uferin, Journalistin - und musikverr\u00fcckt. 1972 geboren haben sie musikalisch die sagenumwobenen 80er Jahre gepr\u00e4gt mit Bands wie Metallica, Mot\u00f6rhead, Iron Maiden, Judas Priest oder Slayer. Ge\u00e4ndert hat sich der Musikgeschmack seitdem nicht mehr nennenswert, Hardcore und Metalcore kamen hinzu, eben alles was schnell, laut und hart ist. Motto: Ein Leben ohne den Club und Musik k\u00f6nnte m\u00f6glich sein - w\u00e4re aber sinnlos!\",\"sameAs\":[\"http:\/\/www.wundertexte.de\"]}]}<\/script>\n<!-- \/ Yoast SEO plugin. -->","yoast_head_json":{"title":"Pokal 1. Runde - Berlin, Berlin, wir fahren nach Berlin! - Wundertexte","description":"Wunder macht Texte: Wundertexte","robots":{"index":"index","follow":"follow","max-snippet":"max-snippet:-1","max-image-preview":"max-image-preview:large","max-video-preview":"max-video-preview:-1"},"canonical":"https:\/\/www.wundertexte.de\/wundertexte-startseite\/pokal-1-runde-berlin-berlin-wir-fahren-nach-berlin\/","og_locale":"de_DE","og_type":"article","og_title":"Pokal 1. Runde - Berlin, Berlin, wir fahren nach Berlin! - Wundertexte","og_description":"Wunder macht Texte: Wundertexte","og_url":"https:\/\/www.wundertexte.de\/wundertexte-startseite\/pokal-1-runde-berlin-berlin-wir-fahren-nach-berlin\/","og_site_name":"Wundertexte","article_publisher":"https:\/\/www.facebook.com\/ClaudiaWundertexte","article_published_time":"2018-08-22T12:10:23+00:00","article_modified_time":"2018-08-22T12:45:03+00:00","og_image":[{"width":1024,"height":640,"url":"https:\/\/www.wundertexte.de\/wp-content\/uploads\/2018\/03\/Wundertexte_logorot-schwarz-1024x640.jpg","type":"image\/jpeg"}],"author":"Claudia","twitter_card":"summary_large_image","twitter_misc":{"Verfasst von":"Claudia","Gesch\u00e4tzte Lesezeit":"3\u00a0Minuten"},"schema":{"@context":"https:\/\/schema.org","@graph":[{"@type":"Article","@id":"https:\/\/www.wundertexte.de\/wundertexte-startseite\/pokal-1-runde-berlin-berlin-wir-fahren-nach-berlin\/#article","isPartOf":{"@id":"https:\/\/www.wundertexte.de\/wundertexte-startseite\/pokal-1-runde-berlin-berlin-wir-fahren-nach-berlin\/"},"author":{"name":"Claudia","@id":"https:\/\/www.wundertexte.de\/wundertexte-startseite\/#\/schema\/person\/24790517072ae8f62bc5c2edbdfddc98"},"headline":"Pokal 1. Runde &#8211; Berlin, Berlin, wir fahren nach Berlin!","datePublished":"2018-08-22T12:10:23+00:00","dateModified":"2018-08-22T12:45:03+00:00","mainEntityOfPage":{"@id":"https:\/\/www.wundertexte.de\/wundertexte-startseite\/pokal-1-runde-berlin-berlin-wir-fahren-nach-berlin\/"},"wordCount":537,"commentCount":0,"publisher":{"@id":"https:\/\/www.wundertexte.de\/wundertexte-startseite\/#organization"},"image":{"@id":"https:\/\/www.wundertexte.de\/wundertexte-startseite\/pokal-1-runde-berlin-berlin-wir-fahren-nach-berlin\/#primaryimage"},"thumbnailUrl":"https:\/\/www.wundertexte.de\/wp-content\/uploads\/2018\/03\/Wundertexte_logorot-schwarz.jpg","keywords":["Pokal","1. Runde","Linx","Wundertexte"],"articleSection":["Wundertexte \u00fcbern Glubb"],"inLanguage":"de","potentialAction":[{"@type":"CommentAction","name":"Comment","target":["https:\/\/www.wundertexte.de\/wundertexte-startseite\/pokal-1-runde-berlin-berlin-wir-fahren-nach-berlin\/#respond"]}]},{"@type":"WebPage","@id":"https:\/\/www.wundertexte.de\/wundertexte-startseite\/pokal-1-runde-berlin-berlin-wir-fahren-nach-berlin\/","url":"https:\/\/www.wundertexte.de\/wundertexte-startseite\/pokal-1-runde-berlin-berlin-wir-fahren-nach-berlin\/","name":"Pokal 1. Runde - Berlin, Berlin, wir fahren nach Berlin! - Wundertexte","isPartOf":{"@id":"https:\/\/www.wundertexte.de\/wundertexte-startseite\/#website"},"primaryImageOfPage":{"@id":"https:\/\/www.wundertexte.de\/wundertexte-startseite\/pokal-1-runde-berlin-berlin-wir-fahren-nach-berlin\/#primaryimage"},"image":{"@id":"https:\/\/www.wundertexte.de\/wundertexte-startseite\/pokal-1-runde-berlin-berlin-wir-fahren-nach-berlin\/#primaryimage"},"thumbnailUrl":"https:\/\/www.wundertexte.de\/wp-content\/uploads\/2018\/03\/Wundertexte_logorot-schwarz.jpg","datePublished":"2018-08-22T12:10:23+00:00","dateModified":"2018-08-22T12:45:03+00:00","description":"Wunder macht Texte: Wundertexte","breadcrumb":{"@id":"https:\/\/www.wundertexte.de\/wundertexte-startseite\/pokal-1-runde-berlin-berlin-wir-fahren-nach-berlin\/#breadcrumb"},"inLanguage":"de","potentialAction":[{"@type":"ReadAction","target":["https:\/\/www.wundertexte.de\/wundertexte-startseite\/pokal-1-runde-berlin-berlin-wir-fahren-nach-berlin\/"]}]},{"@type":"ImageObject","inLanguage":"de","@id":"https:\/\/www.wundertexte.de\/wundertexte-startseite\/pokal-1-runde-berlin-berlin-wir-fahren-nach-berlin\/#primaryimage","url":"https:\/\/www.wundertexte.de\/wp-content\/uploads\/2018\/03\/Wundertexte_logorot-schwarz.jpg","contentUrl":"https:\/\/www.wundertexte.de\/wp-content\/uploads\/2018\/03\/Wundertexte_logorot-schwarz.jpg","width":6000,"height":3750,"caption":"Wundertexte \u00fcbern Glubb"},{"@type":"BreadcrumbList","@id":"https:\/\/www.wundertexte.de\/wundertexte-startseite\/pokal-1-runde-berlin-berlin-wir-fahren-nach-berlin\/#breadcrumb","itemListElement":[{"@type":"ListItem","position":1,"name":"Startseite","item":"https:\/\/www.wundertexte.de\/wundertexte-startseite\/"},{"@type":"ListItem","position":2,"name":"Pokal 1. Runde &#8211; Berlin, Berlin, wir fahren nach Berlin!"}]},{"@type":"WebSite","@id":"https:\/\/www.wundertexte.de\/wundertexte-startseite\/#website","url":"https:\/\/www.wundertexte.de\/wundertexte-startseite\/","name":"Wundertexte","description":"Wunder macht Texte","publisher":{"@id":"https:\/\/www.wundertexte.de\/wundertexte-startseite\/#organization"},"potentialAction":[{"@type":"SearchAction","target":{"@type":"EntryPoint","urlTemplate":"https:\/\/www.wundertexte.de\/wundertexte-startseite\/?s={search_term_string}"},"query-input":"required name=search_term_string"}],"inLanguage":"de"},{"@type":"Organization","@id":"https:\/\/www.wundertexte.de\/wundertexte-startseite\/#organization","name":"Wundertexte","url":"https:\/\/www.wundertexte.de\/wundertexte-startseite\/","logo":{"@type":"ImageObject","inLanguage":"de","@id":"https:\/\/www.wundertexte.de\/wundertexte-startseite\/#\/schema\/logo\/image\/","url":"https:\/\/www.wundertexte.de\/wp-content\/uploads\/2021\/11\/LOGO_wundertexte_RGB_400x400px.jpg","contentUrl":"https:\/\/www.wundertexte.de\/wp-content\/uploads\/2021\/11\/LOGO_wundertexte_RGB_400x400px.jpg","width":1668,"height":1667,"caption":"Wundertexte"},"image":{"@id":"https:\/\/www.wundertexte.de\/wundertexte-startseite\/#\/schema\/logo\/image\/"},"sameAs":["https:\/\/www.facebook.com\/ClaudiaWundertexte","https:\/\/www.instagram.com\/_wundertexte_"]},{"@type":"Person","@id":"https:\/\/www.wundertexte.de\/wundertexte-startseite\/#\/schema\/person\/24790517072ae8f62bc5c2edbdfddc98","name":"Claudia","image":{"@type":"ImageObject","inLanguage":"de","@id":"https:\/\/www.wundertexte.de\/wundertexte-startseite\/#\/schema\/person\/image\/","url":"https:\/\/secure.gravatar.com\/avatar\/b911361c85b3a270c4ac78b5ed4fac75eed9edb9af9afa1fa8c4a6c44cfb34e9?s=96&d=mm&r=g","contentUrl":"https:\/\/secure.gravatar.com\/avatar\/b911361c85b3a270c4ac78b5ed4fac75eed9edb9af9afa1fa8c4a6c44cfb34e9?s=96&d=mm&r=g","caption":"Claudia"},"description":"Waschechte N\u00fcrnbergerin, Clubberin, L\u00e4uferin, Journalistin - und musikverr\u00fcckt. 1972 geboren haben sie musikalisch die sagenumwobenen 80er Jahre gepr\u00e4gt mit Bands wie Metallica, Mot\u00f6rhead, Iron Maiden, Judas Priest oder Slayer. Ge\u00e4ndert hat sich der Musikgeschmack seitdem nicht mehr nennenswert, Hardcore und Metalcore kamen hinzu, eben alles was schnell, laut und hart ist. Motto: Ein Leben ohne den Club und Musik k\u00f6nnte m\u00f6glich sein - w\u00e4re aber sinnlos!","sameAs":["http:\/\/www.wundertexte.de"]}]}},"_links":{"self":[{"href":"https:\/\/www.wundertexte.de\/wundertexte-startseite\/wp-json\/wp\/v2\/posts\/322","targetHints":{"allow":["GET"]}}],"collection":[{"href":"https:\/\/www.wundertexte.de\/wundertexte-startseite\/wp-json\/wp\/v2\/posts"}],"about":[{"href":"https:\/\/www.wundertexte.de\/wundertexte-startseite\/wp-json\/wp\/v2\/types\/post"}],"author":[{"embeddable":true,"href":"https:\/\/www.wundertexte.de\/wundertexte-startseite\/wp-json\/wp\/v2\/users\/1"}],"replies":[{"embeddable":true,"href":"https:\/\/www.wundertexte.de\/wundertexte-startseite\/wp-json\/wp\/v2\/comments?post=322"}],"version-history":[{"count":3,"href":"https:\/\/www.wundertexte.de\/wundertexte-startseite\/wp-json\/wp\/v2\/posts\/322\/revisions"}],"predecessor-version":[{"id":325,"href":"https:\/\/www.wundertexte.de\/wundertexte-startseite\/wp-json\/wp\/v2\/posts\/322\/revisions\/325"}],"wp:featuredmedia":[{"embeddable":true,"href":"https:\/\/www.wundertexte.de\/wundertexte-startseite\/wp-json\/wp\/v2\/media\/213"}],"wp:attachment":[{"href":"https:\/\/www.wundertexte.de\/wundertexte-startseite\/wp-json\/wp\/v2\/media?parent=322"}],"wp:term":[{"taxonomy":"category","embeddable":true,"href":"https:\/\/www.wundertexte.de\/wundertexte-startseite\/wp-json\/wp\/v2\/categories?post=322"},{"taxonomy":"post_tag","embeddable":true,"href":"https:\/\/www.wundertexte.de\/wundertexte-startseite\/wp-json\/wp\/v2\/tags?post=322"}],"curies":[{"name":"wp","href":"https:\/\/api.w.org\/{rel}","templated":true}]}}