{"id":1217,"date":"2022-09-13T11:16:57","date_gmt":"2022-09-13T09:16:57","guid":{"rendered":"https:\/\/www.wundertexte.de\/wundertexte-startseite\/?p=1217"},"modified":"2022-09-13T11:17:01","modified_gmt":"2022-09-13T09:17:01","slug":"kultour-thomas-deisel","status":"publish","type":"post","link":"https:\/\/www.wundertexte.de\/wundertexte-startseite\/kultour-thomas-deisel\/","title":{"rendered":"KulTour | Thomas Deisel"},"content":{"rendered":"\n<p>Thomas Deisel ist ein gl\u00fchender Verfechter der Wirtshaus-Kultur. Einen sehr sympathischen, feinsinnigen und humorvollen Menschen durfte ich da beim Interview kennenlernen. Und das erste Buch des &#8222;hauptberuflichen Sonntagsschreibers und -malers&#8220; kann ich wirklich nur empfehlen! <\/p>\n\n\n\n<p><\/p>\n\n\n\n<figure class=\"wp-block-image size-full\"><img loading=\"lazy\" decoding=\"async\" width=\"675\" height=\"344\" src=\"https:\/\/www.wundertexte.de\/wp-content\/uploads\/2022\/09\/Deisel.png\" alt=\"\" class=\"wp-image-1218\" srcset=\"https:\/\/www.wundertexte.de\/wp-content\/uploads\/2022\/09\/Deisel.png 675w, https:\/\/www.wundertexte.de\/wp-content\/uploads\/2022\/09\/Deisel-300x153.png 300w\" sizes=\"auto, (max-width: 675px) 100vw, 675px\" \/><\/figure>\n","protected":false},"excerpt":{"rendered":"<p>Thomas Deisel ist ein gl\u00fchender Verfechter der Wirtshaus-Kultur. Einen sehr sympathischen, feinsinnigen und humorvollen Menschen durfte ich da beim Interview kennenlernen. Und das erste Buch des &#8222;hauptberuflichen Sonntagsschreibers und -malers&#8220; kann ich wirklich nur empfehlen!<\/p>\n","protected":false},"author":1,"featured_media":818,"comment_status":"closed","ping_status":"open","sticky":false,"template":"","format":"standard","meta":{"footnotes":""},"categories":[72,9],"tags":[77,241],"class_list":["post-1217","post","type-post","status-publish","format-standard","has-post-thumbnail","hentry","category-kultour-im-stadtanzeiger-der-nuernberger-nachrichten","category-wundertexte-im-blaetterwald","tag-kultour","tag-thomas-deisel"],"yoast_head":"<!-- This site is optimized with the Yoast SEO plugin v22.7 - https:\/\/yoast.com\/wordpress\/plugins\/seo\/ -->\n<title>KulTour | Thomas Deisel - Wundertexte<\/title>\n<meta name=\"description\" content=\"Ein Hoch auf die Wirtshaus-Kultur! Thomas Deisel huldigt ihr mit seinen Bildern und Texten. Nachzulesen in der KulTour.\" \/>\n<meta name=\"robots\" content=\"index, follow, max-snippet:-1, max-image-preview:large, max-video-preview:-1\" \/>\n<link rel=\"canonical\" href=\"https:\/\/www.wundertexte.de\/wundertexte-startseite\/kultour-thomas-deisel\/\" \/>\n<meta property=\"og:locale\" content=\"de_DE\" \/>\n<meta property=\"og:type\" content=\"article\" \/>\n<meta property=\"og:title\" content=\"KulTour | Thomas Deisel - Wundertexte\" \/>\n<meta property=\"og:description\" content=\"Ein Hoch auf die Wirtshaus-Kultur! Thomas Deisel huldigt ihr mit seinen Bildern und Texten. Nachzulesen in der KulTour.\" \/>\n<meta property=\"og:url\" content=\"https:\/\/www.wundertexte.de\/wundertexte-startseite\/kultour-thomas-deisel\/\" \/>\n<meta property=\"og:site_name\" content=\"Wundertexte\" \/>\n<meta property=\"article:publisher\" content=\"https:\/\/www.facebook.com\/ClaudiaWundertexte\" \/>\n<meta property=\"article:published_time\" content=\"2022-09-13T09:16:57+00:00\" \/>\n<meta property=\"article:modified_time\" content=\"2022-09-13T09:17:01+00:00\" \/>\n<meta property=\"og:image\" content=\"https:\/\/www.wundertexte.de\/wp-content\/uploads\/2020\/04\/wundertexte_kultour_kl-scaled.jpg\" \/>\n\t<meta property=\"og:image:width\" content=\"2560\" \/>\n\t<meta property=\"og:image:height\" content=\"1600\" \/>\n\t<meta property=\"og:image:type\" content=\"image\/jpeg\" \/>\n<meta name=\"author\" content=\"Claudia\" \/>\n<meta name=\"twitter:card\" content=\"summary_large_image\" \/>\n<meta name=\"twitter:label1\" content=\"Verfasst von\" \/>\n\t<meta name=\"twitter:data1\" content=\"Claudia\" \/>\n\t<meta name=\"twitter:label2\" content=\"Gesch\u00e4tzte Lesezeit\" \/>\n\t<meta name=\"twitter:data2\" content=\"1\u00a0Minute\" \/>\n<script type=\"application\/ld+json\" class=\"yoast-schema-graph\">{\"@context\":\"https:\/\/schema.org\",\"@graph\":[{\"@type\":\"Article\",\"@id\":\"https:\/\/www.wundertexte.de\/wundertexte-startseite\/kultour-thomas-deisel\/#article\",\"isPartOf\":{\"@id\":\"https:\/\/www.wundertexte.de\/wundertexte-startseite\/kultour-thomas-deisel\/\"},\"author\":{\"name\":\"Claudia\",\"@id\":\"https:\/\/www.wundertexte.de\/wundertexte-startseite\/#\/schema\/person\/24790517072ae8f62bc5c2edbdfddc98\"},\"headline\":\"KulTour | Thomas Deisel\",\"datePublished\":\"2022-09-13T09:16:57+00:00\",\"dateModified\":\"2022-09-13T09:17:01+00:00\",\"mainEntityOfPage\":{\"@id\":\"https:\/\/www.wundertexte.de\/wundertexte-startseite\/kultour-thomas-deisel\/\"},\"wordCount\":39,\"publisher\":{\"@id\":\"https:\/\/www.wundertexte.de\/wundertexte-startseite\/#organization\"},\"image\":{\"@id\":\"https:\/\/www.wundertexte.de\/wundertexte-startseite\/kultour-thomas-deisel\/#primaryimage\"},\"thumbnailUrl\":\"https:\/\/www.wundertexte.de\/wp-content\/uploads\/2020\/04\/wundertexte_kultour_kl-scaled.jpg\",\"keywords\":[\"KulTour\",\"Thomas Deisel\"],\"articleSection\":[\"KulTour im Stadtanzeiger der N\u00fcrnberger Nachrichten\",\"Wundertexte im Bl\u00e4tterwald\"],\"inLanguage\":\"de\"},{\"@type\":\"WebPage\",\"@id\":\"https:\/\/www.wundertexte.de\/wundertexte-startseite\/kultour-thomas-deisel\/\",\"url\":\"https:\/\/www.wundertexte.de\/wundertexte-startseite\/kultour-thomas-deisel\/\",\"name\":\"KulTour | Thomas Deisel - Wundertexte\",\"isPartOf\":{\"@id\":\"https:\/\/www.wundertexte.de\/wundertexte-startseite\/#website\"},\"primaryImageOfPage\":{\"@id\":\"https:\/\/www.wundertexte.de\/wundertexte-startseite\/kultour-thomas-deisel\/#primaryimage\"},\"image\":{\"@id\":\"https:\/\/www.wundertexte.de\/wundertexte-startseite\/kultour-thomas-deisel\/#primaryimage\"},\"thumbnailUrl\":\"https:\/\/www.wundertexte.de\/wp-content\/uploads\/2020\/04\/wundertexte_kultour_kl-scaled.jpg\",\"datePublished\":\"2022-09-13T09:16:57+00:00\",\"dateModified\":\"2022-09-13T09:17:01+00:00\",\"description\":\"Ein Hoch auf die Wirtshaus-Kultur! Thomas Deisel huldigt ihr mit seinen Bildern und Texten. Nachzulesen in der KulTour.\",\"breadcrumb\":{\"@id\":\"https:\/\/www.wundertexte.de\/wundertexte-startseite\/kultour-thomas-deisel\/#breadcrumb\"},\"inLanguage\":\"de\",\"potentialAction\":[{\"@type\":\"ReadAction\",\"target\":[\"https:\/\/www.wundertexte.de\/wundertexte-startseite\/kultour-thomas-deisel\/\"]}]},{\"@type\":\"ImageObject\",\"inLanguage\":\"de\",\"@id\":\"https:\/\/www.wundertexte.de\/wundertexte-startseite\/kultour-thomas-deisel\/#primaryimage\",\"url\":\"https:\/\/www.wundertexte.de\/wp-content\/uploads\/2020\/04\/wundertexte_kultour_kl-scaled.jpg\",\"contentUrl\":\"https:\/\/www.wundertexte.de\/wp-content\/uploads\/2020\/04\/wundertexte_kultour_kl-scaled.jpg\",\"width\":2560,\"height\":1600,\"caption\":\"KulTour\"},{\"@type\":\"BreadcrumbList\",\"@id\":\"https:\/\/www.wundertexte.de\/wundertexte-startseite\/kultour-thomas-deisel\/#breadcrumb\",\"itemListElement\":[{\"@type\":\"ListItem\",\"position\":1,\"name\":\"Startseite\",\"item\":\"https:\/\/www.wundertexte.de\/wundertexte-startseite\/\"},{\"@type\":\"ListItem\",\"position\":2,\"name\":\"KulTour | Thomas Deisel\"}]},{\"@type\":\"WebSite\",\"@id\":\"https:\/\/www.wundertexte.de\/wundertexte-startseite\/#website\",\"url\":\"https:\/\/www.wundertexte.de\/wundertexte-startseite\/\",\"name\":\"Wundertexte\",\"description\":\"Wunder macht Texte\",\"publisher\":{\"@id\":\"https:\/\/www.wundertexte.de\/wundertexte-startseite\/#organization\"},\"potentialAction\":[{\"@type\":\"SearchAction\",\"target\":{\"@type\":\"EntryPoint\",\"urlTemplate\":\"https:\/\/www.wundertexte.de\/wundertexte-startseite\/?s={search_term_string}\"},\"query-input\":\"required name=search_term_string\"}],\"inLanguage\":\"de\"},{\"@type\":\"Organization\",\"@id\":\"https:\/\/www.wundertexte.de\/wundertexte-startseite\/#organization\",\"name\":\"Wundertexte\",\"url\":\"https:\/\/www.wundertexte.de\/wundertexte-startseite\/\",\"logo\":{\"@type\":\"ImageObject\",\"inLanguage\":\"de\",\"@id\":\"https:\/\/www.wundertexte.de\/wundertexte-startseite\/#\/schema\/logo\/image\/\",\"url\":\"https:\/\/www.wundertexte.de\/wp-content\/uploads\/2021\/11\/LOGO_wundertexte_RGB_400x400px.jpg\",\"contentUrl\":\"https:\/\/www.wundertexte.de\/wp-content\/uploads\/2021\/11\/LOGO_wundertexte_RGB_400x400px.jpg\",\"width\":1668,\"height\":1667,\"caption\":\"Wundertexte\"},\"image\":{\"@id\":\"https:\/\/www.wundertexte.de\/wundertexte-startseite\/#\/schema\/logo\/image\/\"},\"sameAs\":[\"https:\/\/www.facebook.com\/ClaudiaWundertexte\",\"https:\/\/www.instagram.com\/_wundertexte_\"]},{\"@type\":\"Person\",\"@id\":\"https:\/\/www.wundertexte.de\/wundertexte-startseite\/#\/schema\/person\/24790517072ae8f62bc5c2edbdfddc98\",\"name\":\"Claudia\",\"image\":{\"@type\":\"ImageObject\",\"inLanguage\":\"de\",\"@id\":\"https:\/\/www.wundertexte.de\/wundertexte-startseite\/#\/schema\/person\/image\/\",\"url\":\"https:\/\/secure.gravatar.com\/avatar\/b911361c85b3a270c4ac78b5ed4fac75eed9edb9af9afa1fa8c4a6c44cfb34e9?s=96&d=mm&r=g\",\"contentUrl\":\"https:\/\/secure.gravatar.com\/avatar\/b911361c85b3a270c4ac78b5ed4fac75eed9edb9af9afa1fa8c4a6c44cfb34e9?s=96&d=mm&r=g\",\"caption\":\"Claudia\"},\"description\":\"Waschechte N\u00fcrnbergerin, Clubberin, L\u00e4uferin, Journalistin - und musikverr\u00fcckt. 1972 geboren haben sie musikalisch die sagenumwobenen 80er Jahre gepr\u00e4gt mit Bands wie Metallica, Mot\u00f6rhead, Iron Maiden, Judas Priest oder Slayer. Ge\u00e4ndert hat sich der Musikgeschmack seitdem nicht mehr nennenswert, Hardcore und Metalcore kamen hinzu, eben alles was schnell, laut und hart ist. Motto: Ein Leben ohne den Club und Musik k\u00f6nnte m\u00f6glich sein - w\u00e4re aber sinnlos!\",\"sameAs\":[\"http:\/\/www.wundertexte.de\"]}]}<\/script>\n<!-- \/ Yoast SEO plugin. -->","yoast_head_json":{"title":"KulTour | Thomas Deisel - Wundertexte","description":"Ein Hoch auf die Wirtshaus-Kultur! Thomas Deisel huldigt ihr mit seinen Bildern und Texten. Nachzulesen in der KulTour.","robots":{"index":"index","follow":"follow","max-snippet":"max-snippet:-1","max-image-preview":"max-image-preview:large","max-video-preview":"max-video-preview:-1"},"canonical":"https:\/\/www.wundertexte.de\/wundertexte-startseite\/kultour-thomas-deisel\/","og_locale":"de_DE","og_type":"article","og_title":"KulTour | Thomas Deisel - Wundertexte","og_description":"Ein Hoch auf die Wirtshaus-Kultur! Thomas Deisel huldigt ihr mit seinen Bildern und Texten. Nachzulesen in der KulTour.","og_url":"https:\/\/www.wundertexte.de\/wundertexte-startseite\/kultour-thomas-deisel\/","og_site_name":"Wundertexte","article_publisher":"https:\/\/www.facebook.com\/ClaudiaWundertexte","article_published_time":"2022-09-13T09:16:57+00:00","article_modified_time":"2022-09-13T09:17:01+00:00","og_image":[{"width":2560,"height":1600,"url":"https:\/\/www.wundertexte.de\/wp-content\/uploads\/2020\/04\/wundertexte_kultour_kl-scaled.jpg","type":"image\/jpeg"}],"author":"Claudia","twitter_card":"summary_large_image","twitter_misc":{"Verfasst von":"Claudia","Gesch\u00e4tzte Lesezeit":"1\u00a0Minute"},"schema":{"@context":"https:\/\/schema.org","@graph":[{"@type":"Article","@id":"https:\/\/www.wundertexte.de\/wundertexte-startseite\/kultour-thomas-deisel\/#article","isPartOf":{"@id":"https:\/\/www.wundertexte.de\/wundertexte-startseite\/kultour-thomas-deisel\/"},"author":{"name":"Claudia","@id":"https:\/\/www.wundertexte.de\/wundertexte-startseite\/#\/schema\/person\/24790517072ae8f62bc5c2edbdfddc98"},"headline":"KulTour | Thomas Deisel","datePublished":"2022-09-13T09:16:57+00:00","dateModified":"2022-09-13T09:17:01+00:00","mainEntityOfPage":{"@id":"https:\/\/www.wundertexte.de\/wundertexte-startseite\/kultour-thomas-deisel\/"},"wordCount":39,"publisher":{"@id":"https:\/\/www.wundertexte.de\/wundertexte-startseite\/#organization"},"image":{"@id":"https:\/\/www.wundertexte.de\/wundertexte-startseite\/kultour-thomas-deisel\/#primaryimage"},"thumbnailUrl":"https:\/\/www.wundertexte.de\/wp-content\/uploads\/2020\/04\/wundertexte_kultour_kl-scaled.jpg","keywords":["KulTour","Thomas Deisel"],"articleSection":["KulTour im Stadtanzeiger der N\u00fcrnberger Nachrichten","Wundertexte im Bl\u00e4tterwald"],"inLanguage":"de"},{"@type":"WebPage","@id":"https:\/\/www.wundertexte.de\/wundertexte-startseite\/kultour-thomas-deisel\/","url":"https:\/\/www.wundertexte.de\/wundertexte-startseite\/kultour-thomas-deisel\/","name":"KulTour | Thomas Deisel - Wundertexte","isPartOf":{"@id":"https:\/\/www.wundertexte.de\/wundertexte-startseite\/#website"},"primaryImageOfPage":{"@id":"https:\/\/www.wundertexte.de\/wundertexte-startseite\/kultour-thomas-deisel\/#primaryimage"},"image":{"@id":"https:\/\/www.wundertexte.de\/wundertexte-startseite\/kultour-thomas-deisel\/#primaryimage"},"thumbnailUrl":"https:\/\/www.wundertexte.de\/wp-content\/uploads\/2020\/04\/wundertexte_kultour_kl-scaled.jpg","datePublished":"2022-09-13T09:16:57+00:00","dateModified":"2022-09-13T09:17:01+00:00","description":"Ein Hoch auf die Wirtshaus-Kultur! Thomas Deisel huldigt ihr mit seinen Bildern und Texten. Nachzulesen in der KulTour.","breadcrumb":{"@id":"https:\/\/www.wundertexte.de\/wundertexte-startseite\/kultour-thomas-deisel\/#breadcrumb"},"inLanguage":"de","potentialAction":[{"@type":"ReadAction","target":["https:\/\/www.wundertexte.de\/wundertexte-startseite\/kultour-thomas-deisel\/"]}]},{"@type":"ImageObject","inLanguage":"de","@id":"https:\/\/www.wundertexte.de\/wundertexte-startseite\/kultour-thomas-deisel\/#primaryimage","url":"https:\/\/www.wundertexte.de\/wp-content\/uploads\/2020\/04\/wundertexte_kultour_kl-scaled.jpg","contentUrl":"https:\/\/www.wundertexte.de\/wp-content\/uploads\/2020\/04\/wundertexte_kultour_kl-scaled.jpg","width":2560,"height":1600,"caption":"KulTour"},{"@type":"BreadcrumbList","@id":"https:\/\/www.wundertexte.de\/wundertexte-startseite\/kultour-thomas-deisel\/#breadcrumb","itemListElement":[{"@type":"ListItem","position":1,"name":"Startseite","item":"https:\/\/www.wundertexte.de\/wundertexte-startseite\/"},{"@type":"ListItem","position":2,"name":"KulTour | Thomas Deisel"}]},{"@type":"WebSite","@id":"https:\/\/www.wundertexte.de\/wundertexte-startseite\/#website","url":"https:\/\/www.wundertexte.de\/wundertexte-startseite\/","name":"Wundertexte","description":"Wunder macht Texte","publisher":{"@id":"https:\/\/www.wundertexte.de\/wundertexte-startseite\/#organization"},"potentialAction":[{"@type":"SearchAction","target":{"@type":"EntryPoint","urlTemplate":"https:\/\/www.wundertexte.de\/wundertexte-startseite\/?s={search_term_string}"},"query-input":"required name=search_term_string"}],"inLanguage":"de"},{"@type":"Organization","@id":"https:\/\/www.wundertexte.de\/wundertexte-startseite\/#organization","name":"Wundertexte","url":"https:\/\/www.wundertexte.de\/wundertexte-startseite\/","logo":{"@type":"ImageObject","inLanguage":"de","@id":"https:\/\/www.wundertexte.de\/wundertexte-startseite\/#\/schema\/logo\/image\/","url":"https:\/\/www.wundertexte.de\/wp-content\/uploads\/2021\/11\/LOGO_wundertexte_RGB_400x400px.jpg","contentUrl":"https:\/\/www.wundertexte.de\/wp-content\/uploads\/2021\/11\/LOGO_wundertexte_RGB_400x400px.jpg","width":1668,"height":1667,"caption":"Wundertexte"},"image":{"@id":"https:\/\/www.wundertexte.de\/wundertexte-startseite\/#\/schema\/logo\/image\/"},"sameAs":["https:\/\/www.facebook.com\/ClaudiaWundertexte","https:\/\/www.instagram.com\/_wundertexte_"]},{"@type":"Person","@id":"https:\/\/www.wundertexte.de\/wundertexte-startseite\/#\/schema\/person\/24790517072ae8f62bc5c2edbdfddc98","name":"Claudia","image":{"@type":"ImageObject","inLanguage":"de","@id":"https:\/\/www.wundertexte.de\/wundertexte-startseite\/#\/schema\/person\/image\/","url":"https:\/\/secure.gravatar.com\/avatar\/b911361c85b3a270c4ac78b5ed4fac75eed9edb9af9afa1fa8c4a6c44cfb34e9?s=96&d=mm&r=g","contentUrl":"https:\/\/secure.gravatar.com\/avatar\/b911361c85b3a270c4ac78b5ed4fac75eed9edb9af9afa1fa8c4a6c44cfb34e9?s=96&d=mm&r=g","caption":"Claudia"},"description":"Waschechte N\u00fcrnbergerin, Clubberin, L\u00e4uferin, Journalistin - und musikverr\u00fcckt. 1972 geboren haben sie musikalisch die sagenumwobenen 80er Jahre gepr\u00e4gt mit Bands wie Metallica, Mot\u00f6rhead, Iron Maiden, Judas Priest oder Slayer. Ge\u00e4ndert hat sich der Musikgeschmack seitdem nicht mehr nennenswert, Hardcore und Metalcore kamen hinzu, eben alles was schnell, laut und hart ist. Motto: Ein Leben ohne den Club und Musik k\u00f6nnte m\u00f6glich sein - w\u00e4re aber sinnlos!","sameAs":["http:\/\/www.wundertexte.de"]}]}},"_links":{"self":[{"href":"https:\/\/www.wundertexte.de\/wundertexte-startseite\/wp-json\/wp\/v2\/posts\/1217","targetHints":{"allow":["GET"]}}],"collection":[{"href":"https:\/\/www.wundertexte.de\/wundertexte-startseite\/wp-json\/wp\/v2\/posts"}],"about":[{"href":"https:\/\/www.wundertexte.de\/wundertexte-startseite\/wp-json\/wp\/v2\/types\/post"}],"author":[{"embeddable":true,"href":"https:\/\/www.wundertexte.de\/wundertexte-startseite\/wp-json\/wp\/v2\/users\/1"}],"replies":[{"embeddable":true,"href":"https:\/\/www.wundertexte.de\/wundertexte-startseite\/wp-json\/wp\/v2\/comments?post=1217"}],"version-history":[{"count":1,"href":"https:\/\/www.wundertexte.de\/wundertexte-startseite\/wp-json\/wp\/v2\/posts\/1217\/revisions"}],"predecessor-version":[{"id":1219,"href":"https:\/\/www.wundertexte.de\/wundertexte-startseite\/wp-json\/wp\/v2\/posts\/1217\/revisions\/1219"}],"wp:featuredmedia":[{"embeddable":true,"href":"https:\/\/www.wundertexte.de\/wundertexte-startseite\/wp-json\/wp\/v2\/media\/818"}],"wp:attachment":[{"href":"https:\/\/www.wundertexte.de\/wundertexte-startseite\/wp-json\/wp\/v2\/media?parent=1217"}],"wp:term":[{"taxonomy":"category","embeddable":true,"href":"https:\/\/www.wundertexte.de\/wundertexte-startseite\/wp-json\/wp\/v2\/categories?post=1217"},{"taxonomy":"post_tag","embeddable":true,"href":"https:\/\/www.wundertexte.de\/wundertexte-startseite\/wp-json\/wp\/v2\/tags?post=1217"}],"curies":[{"name":"wp","href":"https:\/\/api.w.org\/{rel}","templated":true}]}}