{"id":1150,"date":"2022-01-20T14:15:26","date_gmt":"2022-01-20T13:15:26","guid":{"rendered":"https:\/\/www.wundertexte.de\/wundertexte-startseite\/?p=1150"},"modified":"2022-01-20T14:15:32","modified_gmt":"2022-01-20T13:15:32","slug":"kultour-lisa-masuch","status":"publish","type":"post","link":"https:\/\/www.wundertexte.de\/wundertexte-startseite\/kultour-lisa-masuch\/","title":{"rendered":"KulTour | Lisa Masuch"},"content":{"rendered":"\n<p>Den ehemaligen Blumenladen Kuhn am Nordklinikum kennen die meisten N\u00fcrnberger noch gut. Eine Zeitlang stand er leer, nun hat sich etwas getan: Im neuen Kreativraum AugenBlick sind unter anderem im sechsw\u00f6chentlichen Wechsel Ausstellungen zu sehen. Das Besondere: Es sind \u00fcberwiegend Arbeiten, die im Rahmen der Kunsttherapie am Klinikum entstanden sind. Was dahinter steckt, erkl\u00e4rt Johanna Masuch voller Leidenschaft. Denn sie brennt f\u00fcr die Kunsttherapie. Nachzulesen in der KulTour vom 22. Dezember 2022: <\/p>\n\n\n\n<figure class=\"wp-block-image size-full\"><img loading=\"lazy\" decoding=\"async\" width=\"487\" height=\"832\" src=\"https:\/\/www.wundertexte.de\/wp-content\/uploads\/2022\/01\/Masuch.png\" alt=\"\" class=\"wp-image-1151\" srcset=\"https:\/\/www.wundertexte.de\/wp-content\/uploads\/2022\/01\/Masuch.png 487w, https:\/\/www.wundertexte.de\/wp-content\/uploads\/2022\/01\/Masuch-176x300.png 176w\" sizes=\"auto, (max-width: 487px) 100vw, 487px\" \/><\/figure>\n","protected":false},"excerpt":{"rendered":"<p>Den ehemaligen Blumenladen Kuhn am Nordklinikum kennen die meisten N\u00fcrnberger noch gut. Eine Zeitlang stand er leer, nun hat sich etwas getan: Im neuen Kreativraum AugenBlick sind unter anderem im sechsw\u00f6chentlichen Wechsel Ausstellungen zu sehen. Das Besondere: Es sind \u00fcberwiegend Arbeiten, die im Rahmen der Kunsttherapie am Klinikum entstanden sind. Was dahinter steckt, erkl\u00e4rt Johanna [&hellip;]<\/p>\n","protected":false},"author":1,"featured_media":818,"comment_status":"closed","ping_status":"open","sticky":false,"template":"","format":"standard","meta":{"footnotes":""},"categories":[200,72,9],"tags":[16,233],"class_list":["post-1150","post","type-post","status-publish","format-standard","has-post-thumbnail","hentry","category-nuernberger-nachrichten","category-kultour-im-stadtanzeiger-der-nuernberger-nachrichten","category-wundertexte-im-blaetterwald","tag-wundertexte","tag-lisa-masuch"],"yoast_head":"<!-- This site is optimized with the Yoast SEO plugin v22.7 - https:\/\/yoast.com\/wordpress\/plugins\/seo\/ -->\n<title>KulTour | Lisa Masuch - Wundertexte<\/title>\n<meta name=\"description\" content=\"In dieser Ausgabe der KulTour in den N\u00fcrnberger Nachrichten erkl\u00e4rt Kunsttherapeutin Lisa Masuch ihre Arbeit.\" \/>\n<meta name=\"robots\" content=\"index, follow, max-snippet:-1, max-image-preview:large, max-video-preview:-1\" \/>\n<link rel=\"canonical\" href=\"https:\/\/www.wundertexte.de\/wundertexte-startseite\/kultour-lisa-masuch\/\" \/>\n<meta property=\"og:locale\" content=\"de_DE\" \/>\n<meta property=\"og:type\" content=\"article\" \/>\n<meta property=\"og:title\" content=\"KulTour | Lisa Masuch - Wundertexte\" \/>\n<meta property=\"og:description\" content=\"In dieser Ausgabe der KulTour in den N\u00fcrnberger Nachrichten erkl\u00e4rt Kunsttherapeutin Lisa Masuch ihre Arbeit.\" \/>\n<meta property=\"og:url\" content=\"https:\/\/www.wundertexte.de\/wundertexte-startseite\/kultour-lisa-masuch\/\" \/>\n<meta property=\"og:site_name\" content=\"Wundertexte\" \/>\n<meta property=\"article:publisher\" content=\"https:\/\/www.facebook.com\/ClaudiaWundertexte\" \/>\n<meta property=\"article:published_time\" content=\"2022-01-20T13:15:26+00:00\" \/>\n<meta property=\"article:modified_time\" content=\"2022-01-20T13:15:32+00:00\" \/>\n<meta property=\"og:image\" content=\"https:\/\/www.wundertexte.de\/wp-content\/uploads\/2020\/04\/wundertexte_kultour_kl-scaled.jpg\" \/>\n\t<meta property=\"og:image:width\" content=\"2560\" \/>\n\t<meta property=\"og:image:height\" content=\"1600\" \/>\n\t<meta property=\"og:image:type\" content=\"image\/jpeg\" \/>\n<meta name=\"author\" content=\"Claudia\" \/>\n<meta name=\"twitter:card\" content=\"summary_large_image\" \/>\n<meta name=\"twitter:label1\" content=\"Verfasst von\" \/>\n\t<meta name=\"twitter:data1\" content=\"Claudia\" \/>\n\t<meta name=\"twitter:label2\" content=\"Gesch\u00e4tzte Lesezeit\" \/>\n\t<meta name=\"twitter:data2\" content=\"1\u00a0Minute\" \/>\n<script type=\"application\/ld+json\" class=\"yoast-schema-graph\">{\"@context\":\"https:\/\/schema.org\",\"@graph\":[{\"@type\":\"Article\",\"@id\":\"https:\/\/www.wundertexte.de\/wundertexte-startseite\/kultour-lisa-masuch\/#article\",\"isPartOf\":{\"@id\":\"https:\/\/www.wundertexte.de\/wundertexte-startseite\/kultour-lisa-masuch\/\"},\"author\":{\"name\":\"Claudia\",\"@id\":\"https:\/\/www.wundertexte.de\/wundertexte-startseite\/#\/schema\/person\/24790517072ae8f62bc5c2edbdfddc98\"},\"headline\":\"KulTour | Lisa Masuch\",\"datePublished\":\"2022-01-20T13:15:26+00:00\",\"dateModified\":\"2022-01-20T13:15:32+00:00\",\"mainEntityOfPage\":{\"@id\":\"https:\/\/www.wundertexte.de\/wundertexte-startseite\/kultour-lisa-masuch\/\"},\"wordCount\":77,\"publisher\":{\"@id\":\"https:\/\/www.wundertexte.de\/wundertexte-startseite\/#organization\"},\"image\":{\"@id\":\"https:\/\/www.wundertexte.de\/wundertexte-startseite\/kultour-lisa-masuch\/#primaryimage\"},\"thumbnailUrl\":\"https:\/\/www.wundertexte.de\/wp-content\/uploads\/2020\/04\/wundertexte_kultour_kl-scaled.jpg\",\"keywords\":[\"Wundertexte\",\"Lisa Masuch\"],\"articleSection\":[\"N\u00fcrnberger Nachrichten\",\"KulTour im Stadtanzeiger der N\u00fcrnberger Nachrichten\",\"Wundertexte im Bl\u00e4tterwald\"],\"inLanguage\":\"de\"},{\"@type\":\"WebPage\",\"@id\":\"https:\/\/www.wundertexte.de\/wundertexte-startseite\/kultour-lisa-masuch\/\",\"url\":\"https:\/\/www.wundertexte.de\/wundertexte-startseite\/kultour-lisa-masuch\/\",\"name\":\"KulTour | Lisa Masuch - Wundertexte\",\"isPartOf\":{\"@id\":\"https:\/\/www.wundertexte.de\/wundertexte-startseite\/#website\"},\"primaryImageOfPage\":{\"@id\":\"https:\/\/www.wundertexte.de\/wundertexte-startseite\/kultour-lisa-masuch\/#primaryimage\"},\"image\":{\"@id\":\"https:\/\/www.wundertexte.de\/wundertexte-startseite\/kultour-lisa-masuch\/#primaryimage\"},\"thumbnailUrl\":\"https:\/\/www.wundertexte.de\/wp-content\/uploads\/2020\/04\/wundertexte_kultour_kl-scaled.jpg\",\"datePublished\":\"2022-01-20T13:15:26+00:00\",\"dateModified\":\"2022-01-20T13:15:32+00:00\",\"description\":\"In dieser Ausgabe der KulTour in den N\u00fcrnberger Nachrichten erkl\u00e4rt Kunsttherapeutin Lisa Masuch ihre Arbeit.\",\"breadcrumb\":{\"@id\":\"https:\/\/www.wundertexte.de\/wundertexte-startseite\/kultour-lisa-masuch\/#breadcrumb\"},\"inLanguage\":\"de\",\"potentialAction\":[{\"@type\":\"ReadAction\",\"target\":[\"https:\/\/www.wundertexte.de\/wundertexte-startseite\/kultour-lisa-masuch\/\"]}]},{\"@type\":\"ImageObject\",\"inLanguage\":\"de\",\"@id\":\"https:\/\/www.wundertexte.de\/wundertexte-startseite\/kultour-lisa-masuch\/#primaryimage\",\"url\":\"https:\/\/www.wundertexte.de\/wp-content\/uploads\/2020\/04\/wundertexte_kultour_kl-scaled.jpg\",\"contentUrl\":\"https:\/\/www.wundertexte.de\/wp-content\/uploads\/2020\/04\/wundertexte_kultour_kl-scaled.jpg\",\"width\":2560,\"height\":1600,\"caption\":\"KulTour\"},{\"@type\":\"BreadcrumbList\",\"@id\":\"https:\/\/www.wundertexte.de\/wundertexte-startseite\/kultour-lisa-masuch\/#breadcrumb\",\"itemListElement\":[{\"@type\":\"ListItem\",\"position\":1,\"name\":\"Startseite\",\"item\":\"https:\/\/www.wundertexte.de\/wundertexte-startseite\/\"},{\"@type\":\"ListItem\",\"position\":2,\"name\":\"KulTour | Lisa Masuch\"}]},{\"@type\":\"WebSite\",\"@id\":\"https:\/\/www.wundertexte.de\/wundertexte-startseite\/#website\",\"url\":\"https:\/\/www.wundertexte.de\/wundertexte-startseite\/\",\"name\":\"Wundertexte\",\"description\":\"Wunder macht Texte\",\"publisher\":{\"@id\":\"https:\/\/www.wundertexte.de\/wundertexte-startseite\/#organization\"},\"potentialAction\":[{\"@type\":\"SearchAction\",\"target\":{\"@type\":\"EntryPoint\",\"urlTemplate\":\"https:\/\/www.wundertexte.de\/wundertexte-startseite\/?s={search_term_string}\"},\"query-input\":\"required name=search_term_string\"}],\"inLanguage\":\"de\"},{\"@type\":\"Organization\",\"@id\":\"https:\/\/www.wundertexte.de\/wundertexte-startseite\/#organization\",\"name\":\"Wundertexte\",\"url\":\"https:\/\/www.wundertexte.de\/wundertexte-startseite\/\",\"logo\":{\"@type\":\"ImageObject\",\"inLanguage\":\"de\",\"@id\":\"https:\/\/www.wundertexte.de\/wundertexte-startseite\/#\/schema\/logo\/image\/\",\"url\":\"https:\/\/www.wundertexte.de\/wp-content\/uploads\/2021\/11\/LOGO_wundertexte_RGB_400x400px.jpg\",\"contentUrl\":\"https:\/\/www.wundertexte.de\/wp-content\/uploads\/2021\/11\/LOGO_wundertexte_RGB_400x400px.jpg\",\"width\":1668,\"height\":1667,\"caption\":\"Wundertexte\"},\"image\":{\"@id\":\"https:\/\/www.wundertexte.de\/wundertexte-startseite\/#\/schema\/logo\/image\/\"},\"sameAs\":[\"https:\/\/www.facebook.com\/ClaudiaWundertexte\",\"https:\/\/www.instagram.com\/_wundertexte_\"]},{\"@type\":\"Person\",\"@id\":\"https:\/\/www.wundertexte.de\/wundertexte-startseite\/#\/schema\/person\/24790517072ae8f62bc5c2edbdfddc98\",\"name\":\"Claudia\",\"image\":{\"@type\":\"ImageObject\",\"inLanguage\":\"de\",\"@id\":\"https:\/\/www.wundertexte.de\/wundertexte-startseite\/#\/schema\/person\/image\/\",\"url\":\"https:\/\/secure.gravatar.com\/avatar\/b911361c85b3a270c4ac78b5ed4fac75eed9edb9af9afa1fa8c4a6c44cfb34e9?s=96&d=mm&r=g\",\"contentUrl\":\"https:\/\/secure.gravatar.com\/avatar\/b911361c85b3a270c4ac78b5ed4fac75eed9edb9af9afa1fa8c4a6c44cfb34e9?s=96&d=mm&r=g\",\"caption\":\"Claudia\"},\"description\":\"Waschechte N\u00fcrnbergerin, Clubberin, L\u00e4uferin, Journalistin - und musikverr\u00fcckt. 1972 geboren haben sie musikalisch die sagenumwobenen 80er Jahre gepr\u00e4gt mit Bands wie Metallica, Mot\u00f6rhead, Iron Maiden, Judas Priest oder Slayer. Ge\u00e4ndert hat sich der Musikgeschmack seitdem nicht mehr nennenswert, Hardcore und Metalcore kamen hinzu, eben alles was schnell, laut und hart ist. Motto: Ein Leben ohne den Club und Musik k\u00f6nnte m\u00f6glich sein - w\u00e4re aber sinnlos!\",\"sameAs\":[\"http:\/\/www.wundertexte.de\"]}]}<\/script>\n<!-- \/ Yoast SEO plugin. -->","yoast_head_json":{"title":"KulTour | Lisa Masuch - Wundertexte","description":"In dieser Ausgabe der KulTour in den N\u00fcrnberger Nachrichten erkl\u00e4rt Kunsttherapeutin Lisa Masuch ihre Arbeit.","robots":{"index":"index","follow":"follow","max-snippet":"max-snippet:-1","max-image-preview":"max-image-preview:large","max-video-preview":"max-video-preview:-1"},"canonical":"https:\/\/www.wundertexte.de\/wundertexte-startseite\/kultour-lisa-masuch\/","og_locale":"de_DE","og_type":"article","og_title":"KulTour | Lisa Masuch - Wundertexte","og_description":"In dieser Ausgabe der KulTour in den N\u00fcrnberger Nachrichten erkl\u00e4rt Kunsttherapeutin Lisa Masuch ihre Arbeit.","og_url":"https:\/\/www.wundertexte.de\/wundertexte-startseite\/kultour-lisa-masuch\/","og_site_name":"Wundertexte","article_publisher":"https:\/\/www.facebook.com\/ClaudiaWundertexte","article_published_time":"2022-01-20T13:15:26+00:00","article_modified_time":"2022-01-20T13:15:32+00:00","og_image":[{"width":2560,"height":1600,"url":"https:\/\/www.wundertexte.de\/wp-content\/uploads\/2020\/04\/wundertexte_kultour_kl-scaled.jpg","type":"image\/jpeg"}],"author":"Claudia","twitter_card":"summary_large_image","twitter_misc":{"Verfasst von":"Claudia","Gesch\u00e4tzte Lesezeit":"1\u00a0Minute"},"schema":{"@context":"https:\/\/schema.org","@graph":[{"@type":"Article","@id":"https:\/\/www.wundertexte.de\/wundertexte-startseite\/kultour-lisa-masuch\/#article","isPartOf":{"@id":"https:\/\/www.wundertexte.de\/wundertexte-startseite\/kultour-lisa-masuch\/"},"author":{"name":"Claudia","@id":"https:\/\/www.wundertexte.de\/wundertexte-startseite\/#\/schema\/person\/24790517072ae8f62bc5c2edbdfddc98"},"headline":"KulTour | Lisa Masuch","datePublished":"2022-01-20T13:15:26+00:00","dateModified":"2022-01-20T13:15:32+00:00","mainEntityOfPage":{"@id":"https:\/\/www.wundertexte.de\/wundertexte-startseite\/kultour-lisa-masuch\/"},"wordCount":77,"publisher":{"@id":"https:\/\/www.wundertexte.de\/wundertexte-startseite\/#organization"},"image":{"@id":"https:\/\/www.wundertexte.de\/wundertexte-startseite\/kultour-lisa-masuch\/#primaryimage"},"thumbnailUrl":"https:\/\/www.wundertexte.de\/wp-content\/uploads\/2020\/04\/wundertexte_kultour_kl-scaled.jpg","keywords":["Wundertexte","Lisa Masuch"],"articleSection":["N\u00fcrnberger Nachrichten","KulTour im Stadtanzeiger der N\u00fcrnberger Nachrichten","Wundertexte im Bl\u00e4tterwald"],"inLanguage":"de"},{"@type":"WebPage","@id":"https:\/\/www.wundertexte.de\/wundertexte-startseite\/kultour-lisa-masuch\/","url":"https:\/\/www.wundertexte.de\/wundertexte-startseite\/kultour-lisa-masuch\/","name":"KulTour | Lisa Masuch - Wundertexte","isPartOf":{"@id":"https:\/\/www.wundertexte.de\/wundertexte-startseite\/#website"},"primaryImageOfPage":{"@id":"https:\/\/www.wundertexte.de\/wundertexte-startseite\/kultour-lisa-masuch\/#primaryimage"},"image":{"@id":"https:\/\/www.wundertexte.de\/wundertexte-startseite\/kultour-lisa-masuch\/#primaryimage"},"thumbnailUrl":"https:\/\/www.wundertexte.de\/wp-content\/uploads\/2020\/04\/wundertexte_kultour_kl-scaled.jpg","datePublished":"2022-01-20T13:15:26+00:00","dateModified":"2022-01-20T13:15:32+00:00","description":"In dieser Ausgabe der KulTour in den N\u00fcrnberger Nachrichten erkl\u00e4rt Kunsttherapeutin Lisa Masuch ihre Arbeit.","breadcrumb":{"@id":"https:\/\/www.wundertexte.de\/wundertexte-startseite\/kultour-lisa-masuch\/#breadcrumb"},"inLanguage":"de","potentialAction":[{"@type":"ReadAction","target":["https:\/\/www.wundertexte.de\/wundertexte-startseite\/kultour-lisa-masuch\/"]}]},{"@type":"ImageObject","inLanguage":"de","@id":"https:\/\/www.wundertexte.de\/wundertexte-startseite\/kultour-lisa-masuch\/#primaryimage","url":"https:\/\/www.wundertexte.de\/wp-content\/uploads\/2020\/04\/wundertexte_kultour_kl-scaled.jpg","contentUrl":"https:\/\/www.wundertexte.de\/wp-content\/uploads\/2020\/04\/wundertexte_kultour_kl-scaled.jpg","width":2560,"height":1600,"caption":"KulTour"},{"@type":"BreadcrumbList","@id":"https:\/\/www.wundertexte.de\/wundertexte-startseite\/kultour-lisa-masuch\/#breadcrumb","itemListElement":[{"@type":"ListItem","position":1,"name":"Startseite","item":"https:\/\/www.wundertexte.de\/wundertexte-startseite\/"},{"@type":"ListItem","position":2,"name":"KulTour | Lisa Masuch"}]},{"@type":"WebSite","@id":"https:\/\/www.wundertexte.de\/wundertexte-startseite\/#website","url":"https:\/\/www.wundertexte.de\/wundertexte-startseite\/","name":"Wundertexte","description":"Wunder macht Texte","publisher":{"@id":"https:\/\/www.wundertexte.de\/wundertexte-startseite\/#organization"},"potentialAction":[{"@type":"SearchAction","target":{"@type":"EntryPoint","urlTemplate":"https:\/\/www.wundertexte.de\/wundertexte-startseite\/?s={search_term_string}"},"query-input":"required name=search_term_string"}],"inLanguage":"de"},{"@type":"Organization","@id":"https:\/\/www.wundertexte.de\/wundertexte-startseite\/#organization","name":"Wundertexte","url":"https:\/\/www.wundertexte.de\/wundertexte-startseite\/","logo":{"@type":"ImageObject","inLanguage":"de","@id":"https:\/\/www.wundertexte.de\/wundertexte-startseite\/#\/schema\/logo\/image\/","url":"https:\/\/www.wundertexte.de\/wp-content\/uploads\/2021\/11\/LOGO_wundertexte_RGB_400x400px.jpg","contentUrl":"https:\/\/www.wundertexte.de\/wp-content\/uploads\/2021\/11\/LOGO_wundertexte_RGB_400x400px.jpg","width":1668,"height":1667,"caption":"Wundertexte"},"image":{"@id":"https:\/\/www.wundertexte.de\/wundertexte-startseite\/#\/schema\/logo\/image\/"},"sameAs":["https:\/\/www.facebook.com\/ClaudiaWundertexte","https:\/\/www.instagram.com\/_wundertexte_"]},{"@type":"Person","@id":"https:\/\/www.wundertexte.de\/wundertexte-startseite\/#\/schema\/person\/24790517072ae8f62bc5c2edbdfddc98","name":"Claudia","image":{"@type":"ImageObject","inLanguage":"de","@id":"https:\/\/www.wundertexte.de\/wundertexte-startseite\/#\/schema\/person\/image\/","url":"https:\/\/secure.gravatar.com\/avatar\/b911361c85b3a270c4ac78b5ed4fac75eed9edb9af9afa1fa8c4a6c44cfb34e9?s=96&d=mm&r=g","contentUrl":"https:\/\/secure.gravatar.com\/avatar\/b911361c85b3a270c4ac78b5ed4fac75eed9edb9af9afa1fa8c4a6c44cfb34e9?s=96&d=mm&r=g","caption":"Claudia"},"description":"Waschechte N\u00fcrnbergerin, Clubberin, L\u00e4uferin, Journalistin - und musikverr\u00fcckt. 1972 geboren haben sie musikalisch die sagenumwobenen 80er Jahre gepr\u00e4gt mit Bands wie Metallica, Mot\u00f6rhead, Iron Maiden, Judas Priest oder Slayer. Ge\u00e4ndert hat sich der Musikgeschmack seitdem nicht mehr nennenswert, Hardcore und Metalcore kamen hinzu, eben alles was schnell, laut und hart ist. Motto: Ein Leben ohne den Club und Musik k\u00f6nnte m\u00f6glich sein - w\u00e4re aber sinnlos!","sameAs":["http:\/\/www.wundertexte.de"]}]}},"_links":{"self":[{"href":"https:\/\/www.wundertexte.de\/wundertexte-startseite\/wp-json\/wp\/v2\/posts\/1150","targetHints":{"allow":["GET"]}}],"collection":[{"href":"https:\/\/www.wundertexte.de\/wundertexte-startseite\/wp-json\/wp\/v2\/posts"}],"about":[{"href":"https:\/\/www.wundertexte.de\/wundertexte-startseite\/wp-json\/wp\/v2\/types\/post"}],"author":[{"embeddable":true,"href":"https:\/\/www.wundertexte.de\/wundertexte-startseite\/wp-json\/wp\/v2\/users\/1"}],"replies":[{"embeddable":true,"href":"https:\/\/www.wundertexte.de\/wundertexte-startseite\/wp-json\/wp\/v2\/comments?post=1150"}],"version-history":[{"count":1,"href":"https:\/\/www.wundertexte.de\/wundertexte-startseite\/wp-json\/wp\/v2\/posts\/1150\/revisions"}],"predecessor-version":[{"id":1152,"href":"https:\/\/www.wundertexte.de\/wundertexte-startseite\/wp-json\/wp\/v2\/posts\/1150\/revisions\/1152"}],"wp:featuredmedia":[{"embeddable":true,"href":"https:\/\/www.wundertexte.de\/wundertexte-startseite\/wp-json\/wp\/v2\/media\/818"}],"wp:attachment":[{"href":"https:\/\/www.wundertexte.de\/wundertexte-startseite\/wp-json\/wp\/v2\/media?parent=1150"}],"wp:term":[{"taxonomy":"category","embeddable":true,"href":"https:\/\/www.wundertexte.de\/wundertexte-startseite\/wp-json\/wp\/v2\/categories?post=1150"},{"taxonomy":"post_tag","embeddable":true,"href":"https:\/\/www.wundertexte.de\/wundertexte-startseite\/wp-json\/wp\/v2\/tags?post=1150"}],"curies":[{"name":"wp","href":"https:\/\/api.w.org\/{rel}","templated":true}]}}